{"id":1099,"date":"2017-09-05T23:16:37","date_gmt":"2017-09-06T02:16:37","guid":{"rendered":"http:\/\/abtelecom.org.br\/site\/?p=1099"},"modified":"2017-09-05T23:16:37","modified_gmt":"2017-09-06T02:16:37","slug":"primeiras-acoes-de-implantacao-de-fribra-otica-via-rios-amazonicos","status":"publish","type":"post","link":"https:\/\/abtelecom.org.br\/site\/primeiras-acoes-de-implantacao-de-fribra-otica-via-rios-amazonicos\/","title":{"rendered":"Primeiras A\u00e7\u00f5es de Implanta\u00e7\u00e3o de Fribra \u00d3tica Via Rios Amaz\u00f4nicos"},"content":{"rendered":"<div style=\"width: 426px;\" class=\"wp-video\"><!--[if lt IE 9]><script>document.createElement('video');<\/script><![endif]-->\n<video class=\"wp-video-shortcode\" id=\"video-1099-1\" width=\"426\" height=\"240\" preload=\"metadata\" controls=\"controls\"><source type=\"video\/mp4\" src=\"http:\/\/abtelecom.org.br\/site\/wp-content\/uploads\/2017\/09\/VID-20170905-WA0010.mp4?_=1\" \/><a href=\"http:\/\/abtelecom.org.br\/site\/wp-content\/uploads\/2017\/09\/VID-20170905-WA0010.mp4\">http:\/\/abtelecom.org.br\/site\/wp-content\/uploads\/2017\/09\/VID-20170905-WA0010.mp4<\/a><\/video><\/div>\n","protected":false},"excerpt":{"rendered":"","protected":false},"author":17,"featured_media":0,"comment_status":"open","ping_status":"open","sticky":false,"template":"","format":"video","meta":{"_exactmetrics_skip_tracking":false,"_exactmetrics_sitenote_active":false,"_exactmetrics_sitenote_note":"","_exactmetrics_sitenote_category":0,"footnotes":""},"categories":[14,15],"tags":[],"yoast_head":"<!-- This site is optimized with the Yoast SEO plugin v21.7 - https:\/\/yoast.com\/wordpress\/plugins\/seo\/ -->\n<title>Primeiras A\u00e7\u00f5es de Implanta\u00e7\u00e3o de Fribra \u00d3tica Via Rios Amaz\u00f4nicos - ABTelecom<\/title>\n<meta name=\"robots\" content=\"index, follow, max-snippet:-1, max-image-preview:large, max-video-preview:-1\" \/>\n<link rel=\"canonical\" href=\"https:\/\/abtelecom.org.br\/site\/primeiras-acoes-de-implantacao-de-fribra-otica-via-rios-amazonicos\/\" \/>\n<meta property=\"og:locale\" content=\"pt_BR\" \/>\n<meta property=\"og:type\" content=\"article\" \/>\n<meta property=\"og:title\" content=\"Primeiras A\u00e7\u00f5es de Implanta\u00e7\u00e3o de Fribra \u00d3tica Via Rios Amaz\u00f4nicos - ABTelecom\" \/>\n<meta property=\"og:url\" content=\"https:\/\/abtelecom.org.br\/site\/primeiras-acoes-de-implantacao-de-fribra-otica-via-rios-amazonicos\/\" \/>\n<meta property=\"og:site_name\" content=\"ABTelecom\" \/>\n<meta property=\"article:published_time\" content=\"2017-09-06T02:16:37+00:00\" \/>\n<meta name=\"author\" content=\"abtelecom\" \/>\n<meta name=\"twitter:card\" content=\"summary_large_image\" \/>\n<meta name=\"twitter:label1\" content=\"Escrito por\" \/>\n\t<meta name=\"twitter:data1\" content=\"abtelecom\" \/>\n<script type=\"application\/ld+json\" class=\"yoast-schema-graph\">{\"@context\":\"https:\/\/schema.org\",\"@graph\":[{\"@type\":\"WebPage\",\"@id\":\"https:\/\/abtelecom.org.br\/site\/primeiras-acoes-de-implantacao-de-fribra-otica-via-rios-amazonicos\/\",\"url\":\"https:\/\/abtelecom.org.br\/site\/primeiras-acoes-de-implantacao-de-fribra-otica-via-rios-amazonicos\/\",\"name\":\"Primeiras A\u00e7\u00f5es de Implanta\u00e7\u00e3o de Fribra \u00d3tica Via Rios Amaz\u00f4nicos - ABTelecom\",\"isPartOf\":{\"@id\":\"https:\/\/abtelecom.org.br\/site\/#website\"},\"datePublished\":\"2017-09-06T02:16:37+00:00\",\"dateModified\":\"2017-09-06T02:16:37+00:00\",\"author\":{\"@id\":\"https:\/\/abtelecom.org.br\/site\/#\/schema\/person\/b996fe85504afac90b0fe3a9fe27853e\"},\"breadcrumb\":{\"@id\":\"https:\/\/abtelecom.org.br\/site\/primeiras-acoes-de-implantacao-de-fribra-otica-via-rios-amazonicos\/#breadcrumb\"},\"inLanguage\":\"pt-BR\",\"potentialAction\":[{\"@type\":\"ReadAction\",\"target\":[\"https:\/\/abtelecom.org.br\/site\/primeiras-acoes-de-implantacao-de-fribra-otica-via-rios-amazonicos\/\"]}]},{\"@type\":\"BreadcrumbList\",\"@id\":\"https:\/\/abtelecom.org.br\/site\/primeiras-acoes-de-implantacao-de-fribra-otica-via-rios-amazonicos\/#breadcrumb\",\"itemListElement\":[{\"@type\":\"ListItem\",\"position\":1,\"name\":\"In\u00edcio\",\"item\":\"https:\/\/abtelecom.org.br\/site\/\"},{\"@type\":\"ListItem\",\"position\":2,\"name\":\"Primeiras A\u00e7\u00f5es de Implanta\u00e7\u00e3o de Fribra \u00d3tica Via Rios Amaz\u00f4nicos\"}]},{\"@type\":\"WebSite\",\"@id\":\"https:\/\/abtelecom.org.br\/site\/#website\",\"url\":\"https:\/\/abtelecom.org.br\/site\/\",\"name\":\"ABTelecom\",\"description\":\"Associa\u00e7\u00e3o Brasileira de Telecomunica\u00e7\u00f5es\",\"potentialAction\":[{\"@type\":\"SearchAction\",\"target\":{\"@type\":\"EntryPoint\",\"urlTemplate\":\"https:\/\/abtelecom.org.br\/site\/?s={search_term_string}\"},\"query-input\":\"required name=search_term_string\"}],\"inLanguage\":\"pt-BR\"},{\"@type\":\"Person\",\"@id\":\"https:\/\/abtelecom.org.br\/site\/#\/schema\/person\/b996fe85504afac90b0fe3a9fe27853e\",\"name\":\"abtelecom\",\"image\":{\"@type\":\"ImageObject\",\"inLanguage\":\"pt-BR\",\"@id\":\"https:\/\/abtelecom.org.br\/site\/#\/schema\/person\/image\/\",\"url\":\"https:\/\/secure.gravatar.com\/avatar\/9e6049fbfcd4158f6e2001caac52725a?s=96&d=mm&r=g\",\"contentUrl\":\"https:\/\/secure.gravatar.com\/avatar\/9e6049fbfcd4158f6e2001caac52725a?s=96&d=mm&r=g\",\"caption\":\"abtelecom\"},\"url\":\"https:\/\/abtelecom.org.br\/site\/author\/abtelecom\/\"}]}<\/script>\n<!-- \/ Yoast SEO plugin. -->","yoast_head_json":{"title":"Primeiras A\u00e7\u00f5es de Implanta\u00e7\u00e3o de Fribra \u00d3tica Via Rios Amaz\u00f4nicos - ABTelecom","robots":{"index":"index","follow":"follow","max-snippet":"max-snippet:-1","max-image-preview":"max-image-preview:large","max-video-preview":"max-video-preview:-1"},"canonical":"https:\/\/abtelecom.org.br\/site\/primeiras-acoes-de-implantacao-de-fribra-otica-via-rios-amazonicos\/","og_locale":"pt_BR","og_type":"article","og_title":"Primeiras A\u00e7\u00f5es de Implanta\u00e7\u00e3o de Fribra \u00d3tica Via Rios Amaz\u00f4nicos - ABTelecom","og_url":"https:\/\/abtelecom.org.br\/site\/primeiras-acoes-de-implantacao-de-fribra-otica-via-rios-amazonicos\/","og_site_name":"ABTelecom","article_published_time":"2017-09-06T02:16:37+00:00","author":"abtelecom","twitter_card":"summary_large_image","twitter_misc":{"Escrito por":"abtelecom"},"schema":{"@context":"https:\/\/schema.org","@graph":[{"@type":"WebPage","@id":"https:\/\/abtelecom.org.br\/site\/primeiras-acoes-de-implantacao-de-fribra-otica-via-rios-amazonicos\/","url":"https:\/\/abtelecom.org.br\/site\/primeiras-acoes-de-implantacao-de-fribra-otica-via-rios-amazonicos\/","name":"Primeiras A\u00e7\u00f5es de Implanta\u00e7\u00e3o de Fribra \u00d3tica Via Rios Amaz\u00f4nicos - ABTelecom","isPartOf":{"@id":"https:\/\/abtelecom.org.br\/site\/#website"},"datePublished":"2017-09-06T02:16:37+00:00","dateModified":"2017-09-06T02:16:37+00:00","author":{"@id":"https:\/\/abtelecom.org.br\/site\/#\/schema\/person\/b996fe85504afac90b0fe3a9fe27853e"},"breadcrumb":{"@id":"https:\/\/abtelecom.org.br\/site\/primeiras-acoes-de-implantacao-de-fribra-otica-via-rios-amazonicos\/#breadcrumb"},"inLanguage":"pt-BR","potentialAction":[{"@type":"ReadAction","target":["https:\/\/abtelecom.org.br\/site\/primeiras-acoes-de-implantacao-de-fribra-otica-via-rios-amazonicos\/"]}]},{"@type":"BreadcrumbList","@id":"https:\/\/abtelecom.org.br\/site\/primeiras-acoes-de-implantacao-de-fribra-otica-via-rios-amazonicos\/#breadcrumb","itemListElement":[{"@type":"ListItem","position":1,"name":"In\u00edcio","item":"https:\/\/abtelecom.org.br\/site\/"},{"@type":"ListItem","position":2,"name":"Primeiras A\u00e7\u00f5es de Implanta\u00e7\u00e3o de Fribra \u00d3tica Via Rios Amaz\u00f4nicos"}]},{"@type":"WebSite","@id":"https:\/\/abtelecom.org.br\/site\/#website","url":"https:\/\/abtelecom.org.br\/site\/","name":"ABTelecom","description":"Associa\u00e7\u00e3o Brasileira de Telecomunica\u00e7\u00f5es","potentialAction":[{"@type":"SearchAction","target":{"@type":"EntryPoint","urlTemplate":"https:\/\/abtelecom.org.br\/site\/?s={search_term_string}"},"query-input":"required name=search_term_string"}],"inLanguage":"pt-BR"},{"@type":"Person","@id":"https:\/\/abtelecom.org.br\/site\/#\/schema\/person\/b996fe85504afac90b0fe3a9fe27853e","name":"abtelecom","image":{"@type":"ImageObject","inLanguage":"pt-BR","@id":"https:\/\/abtelecom.org.br\/site\/#\/schema\/person\/image\/","url":"https:\/\/secure.gravatar.com\/avatar\/9e6049fbfcd4158f6e2001caac52725a?s=96&d=mm&r=g","contentUrl":"https:\/\/secure.gravatar.com\/avatar\/9e6049fbfcd4158f6e2001caac52725a?s=96&d=mm&r=g","caption":"abtelecom"},"url":"https:\/\/abtelecom.org.br\/site\/author\/abtelecom\/"}]}},"_links":{"self":[{"href":"https:\/\/abtelecom.org.br\/site\/wp-json\/wp\/v2\/posts\/1099"}],"collection":[{"href":"https:\/\/abtelecom.org.br\/site\/wp-json\/wp\/v2\/posts"}],"about":[{"href":"https:\/\/abtelecom.org.br\/site\/wp-json\/wp\/v2\/types\/post"}],"author":[{"embeddable":true,"href":"https:\/\/abtelecom.org.br\/site\/wp-json\/wp\/v2\/users\/17"}],"replies":[{"embeddable":true,"href":"https:\/\/abtelecom.org.br\/site\/wp-json\/wp\/v2\/comments?post=1099"}],"version-history":[{"count":0,"href":"https:\/\/abtelecom.org.br\/site\/wp-json\/wp\/v2\/posts\/1099\/revisions"}],"wp:attachment":[{"href":"https:\/\/abtelecom.org.br\/site\/wp-json\/wp\/v2\/media?parent=1099"}],"wp:term":[{"taxonomy":"category","embeddable":true,"href":"https:\/\/abtelecom.org.br\/site\/wp-json\/wp\/v2\/categories?post=1099"},{"taxonomy":"post_tag","embeddable":true,"href":"https:\/\/abtelecom.org.br\/site\/wp-json\/wp\/v2\/tags?post=1099"}],"curies":[{"name":"wp","href":"https:\/\/api.w.org\/{rel}","templated":true}]}}