{"id":1231,"date":"2020-09-29T16:09:03","date_gmt":"2020-09-29T19:09:03","guid":{"rendered":"https:\/\/abtelecom.org.br\/site\/?p=1231"},"modified":"2020-09-29T16:25:02","modified_gmt":"2020-09-29T19:25:02","slug":"sinditelebrasil-agora-se-chama-conexis-brasil-digital","status":"publish","type":"post","link":"https:\/\/abtelecom.org.br\/site\/sinditelebrasil-agora-se-chama-conexis-brasil-digital\/","title":{"rendered":"SinditeleBrasil agora se chama Conexis Brasil Digital"},"content":{"rendered":"<h3>Sindicato das Operadoras ganhou uma nova identidade, logotipo e ter\u00e1 presid\u00eancia de Rodrigo Abreu, CEO da Oi.<\/h3>\n<div id=\"attachment_1232\" style=\"width: 445px\" class=\"wp-caption alignnone\"><img loading=\"lazy\" decoding=\"async\" aria-describedby=\"caption-attachment-1232\" class=\" wp-image-1232\" src=\"https:\/\/abtelecom.org.br\/site\/wp-content\/uploads\/2020\/09\/logotipo-sindibrasil-300x158.jpg\" alt=\"\" width=\"435\" height=\"229\" \/><p id=\"caption-attachment-1232\" class=\"wp-caption-text\">Nova marca do Sinditelebrasil<\/p><\/div>\n<p class=\"has-drop-cap\">Em evento realizado nesta ter\u00e7a-feira, 29 de setembro, o <strong>SinditeleBrasil<\/strong>\u00a0anunciou que agora se chama\u00a0<strong>Conexis Brasil Digital<\/strong>.\u00a0Na ocasi\u00e3o, um v\u00eddeo de apresenta\u00e7\u00e3o foi transmitido e o an\u00fancio foi colocado no ar, junto com o logotipo visto na imagem acima.\u00a0Marcos Ferrari, presidente executivo, destaca que a mudan\u00e7a surgiu da necessidade de ter uma marca mais alinhada com os valores de sustentabilidade, promo\u00e7\u00e3o de economia digital e conex\u00e3o das pessoas.<\/p>\n<p>A partir de agora, a Conexis Brasil Digital \u00e9 a representante oficial do setor de telecomunica\u00e7\u00f5es.\u00a0Em depoimento, Ferrari destaca que o prop\u00f3sito de digitalizar o Brasil e conectar todos os brasileiros est\u00e1 ainda mais forte.\u00a0A nova marca explora as cores da bandeira brasileira.<\/p>\n<p>Al\u00e9m dessa refer\u00eancia, o azul \u00e9 utilizado para trazer os aspectos da tecnologia. J\u00e1 o verde e amarelo, respectivamente, representam sustentabilidade e conex\u00e3o.<\/p>\n<p>Fonte: Minha Operadora<\/p>\n","protected":false},"excerpt":{"rendered":"<p>Sindicato das Operadoras ganhou uma nova identidade, logotipo e ter\u00e1 presid\u00eancia de Rodrigo Abreu, CEO da Oi. Em evento realizado nesta ter\u00e7a-feira, 29 de setembro, o SinditeleBrasil\u00a0anunciou que agora se chama\u00a0Conexis Brasil Digital.\u00a0Na ocasi\u00e3o, um v\u00eddeo de apresenta\u00e7\u00e3o foi transmitido e o an\u00fancio foi colocado no ar, junto com o logotipo visto na imagem acima.\u00a0Marcos [&hellip;]<\/p>\n","protected":false},"author":17,"featured_media":0,"comment_status":"open","ping_status":"open","sticky":false,"template":"","format":"standard","meta":{"_exactmetrics_skip_tracking":false,"_exactmetrics_sitenote_active":false,"_exactmetrics_sitenote_note":"","_exactmetrics_sitenote_category":0,"footnotes":""},"categories":[15],"tags":[],"yoast_head":"<!-- This site is optimized with the Yoast SEO plugin v21.7 - https:\/\/yoast.com\/wordpress\/plugins\/seo\/ -->\n<title>SinditeleBrasil agora se chama Conexis Brasil Digital - ABTelecom<\/title>\n<meta name=\"robots\" content=\"index, follow, max-snippet:-1, max-image-preview:large, max-video-preview:-1\" \/>\n<link rel=\"canonical\" href=\"https:\/\/abtelecom.org.br\/site\/sinditelebrasil-agora-se-chama-conexis-brasil-digital\/\" \/>\n<meta property=\"og:locale\" content=\"pt_BR\" \/>\n<meta property=\"og:type\" content=\"article\" \/>\n<meta property=\"og:title\" content=\"SinditeleBrasil agora se chama Conexis Brasil Digital - ABTelecom\" \/>\n<meta property=\"og:description\" content=\"Sindicato das Operadoras ganhou uma nova identidade, logotipo e ter\u00e1 presid\u00eancia de Rodrigo Abreu, CEO da Oi. Em evento realizado nesta ter\u00e7a-feira, 29 de setembro, o SinditeleBrasil\u00a0anunciou que agora se chama\u00a0Conexis Brasil Digital.\u00a0Na ocasi\u00e3o, um v\u00eddeo de apresenta\u00e7\u00e3o foi transmitido e o an\u00fancio foi colocado no ar, junto com o logotipo visto na imagem acima.\u00a0Marcos [&hellip;]\" \/>\n<meta property=\"og:url\" content=\"https:\/\/abtelecom.org.br\/site\/sinditelebrasil-agora-se-chama-conexis-brasil-digital\/\" \/>\n<meta property=\"og:site_name\" content=\"ABTelecom\" \/>\n<meta property=\"article:published_time\" content=\"2020-09-29T19:09:03+00:00\" \/>\n<meta property=\"article:modified_time\" content=\"2020-09-29T19:25:02+00:00\" \/>\n<meta property=\"og:image\" content=\"https:\/\/abtelecom.org.br\/site\/wp-content\/uploads\/2020\/09\/logotipo-sindibrasil.jpg\" \/>\n\t<meta property=\"og:image:width\" content=\"760\" \/>\n\t<meta property=\"og:image:height\" content=\"400\" \/>\n\t<meta property=\"og:image:type\" content=\"image\/jpeg\" \/>\n<meta name=\"author\" content=\"abtelecom\" \/>\n<meta name=\"twitter:card\" content=\"summary_large_image\" \/>\n<meta name=\"twitter:label1\" content=\"Escrito por\" \/>\n\t<meta name=\"twitter:data1\" content=\"abtelecom\" \/>\n\t<meta name=\"twitter:label2\" content=\"Est. tempo de leitura\" \/>\n\t<meta name=\"twitter:data2\" content=\"1 minuto\" \/>\n<script type=\"application\/ld+json\" class=\"yoast-schema-graph\">{\"@context\":\"https:\/\/schema.org\",\"@graph\":[{\"@type\":\"WebPage\",\"@id\":\"https:\/\/abtelecom.org.br\/site\/sinditelebrasil-agora-se-chama-conexis-brasil-digital\/\",\"url\":\"https:\/\/abtelecom.org.br\/site\/sinditelebrasil-agora-se-chama-conexis-brasil-digital\/\",\"name\":\"SinditeleBrasil agora se chama Conexis Brasil Digital - ABTelecom\",\"isPartOf\":{\"@id\":\"https:\/\/abtelecom.org.br\/site\/#website\"},\"datePublished\":\"2020-09-29T19:09:03+00:00\",\"dateModified\":\"2020-09-29T19:25:02+00:00\",\"author\":{\"@id\":\"https:\/\/abtelecom.org.br\/site\/#\/schema\/person\/b996fe85504afac90b0fe3a9fe27853e\"},\"breadcrumb\":{\"@id\":\"https:\/\/abtelecom.org.br\/site\/sinditelebrasil-agora-se-chama-conexis-brasil-digital\/#breadcrumb\"},\"inLanguage\":\"pt-BR\",\"potentialAction\":[{\"@type\":\"ReadAction\",\"target\":[\"https:\/\/abtelecom.org.br\/site\/sinditelebrasil-agora-se-chama-conexis-brasil-digital\/\"]}]},{\"@type\":\"BreadcrumbList\",\"@id\":\"https:\/\/abtelecom.org.br\/site\/sinditelebrasil-agora-se-chama-conexis-brasil-digital\/#breadcrumb\",\"itemListElement\":[{\"@type\":\"ListItem\",\"position\":1,\"name\":\"In\u00edcio\",\"item\":\"https:\/\/abtelecom.org.br\/site\/\"},{\"@type\":\"ListItem\",\"position\":2,\"name\":\"SinditeleBrasil agora se chama Conexis Brasil Digital\"}]},{\"@type\":\"WebSite\",\"@id\":\"https:\/\/abtelecom.org.br\/site\/#website\",\"url\":\"https:\/\/abtelecom.org.br\/site\/\",\"name\":\"ABTelecom\",\"description\":\"Associa\u00e7\u00e3o Brasileira de Telecomunica\u00e7\u00f5es\",\"potentialAction\":[{\"@type\":\"SearchAction\",\"target\":{\"@type\":\"EntryPoint\",\"urlTemplate\":\"https:\/\/abtelecom.org.br\/site\/?s={search_term_string}\"},\"query-input\":\"required name=search_term_string\"}],\"inLanguage\":\"pt-BR\"},{\"@type\":\"Person\",\"@id\":\"https:\/\/abtelecom.org.br\/site\/#\/schema\/person\/b996fe85504afac90b0fe3a9fe27853e\",\"name\":\"abtelecom\",\"image\":{\"@type\":\"ImageObject\",\"inLanguage\":\"pt-BR\",\"@id\":\"https:\/\/abtelecom.org.br\/site\/#\/schema\/person\/image\/\",\"url\":\"https:\/\/secure.gravatar.com\/avatar\/9e6049fbfcd4158f6e2001caac52725a?s=96&d=mm&r=g\",\"contentUrl\":\"https:\/\/secure.gravatar.com\/avatar\/9e6049fbfcd4158f6e2001caac52725a?s=96&d=mm&r=g\",\"caption\":\"abtelecom\"},\"url\":\"https:\/\/abtelecom.org.br\/site\/author\/abtelecom\/\"}]}<\/script>\n<!-- \/ Yoast SEO plugin. -->","yoast_head_json":{"title":"SinditeleBrasil agora se chama Conexis Brasil Digital - ABTelecom","robots":{"index":"index","follow":"follow","max-snippet":"max-snippet:-1","max-image-preview":"max-image-preview:large","max-video-preview":"max-video-preview:-1"},"canonical":"https:\/\/abtelecom.org.br\/site\/sinditelebrasil-agora-se-chama-conexis-brasil-digital\/","og_locale":"pt_BR","og_type":"article","og_title":"SinditeleBrasil agora se chama Conexis Brasil Digital - ABTelecom","og_description":"Sindicato das Operadoras ganhou uma nova identidade, logotipo e ter\u00e1 presid\u00eancia de Rodrigo Abreu, CEO da Oi. Em evento realizado nesta ter\u00e7a-feira, 29 de setembro, o SinditeleBrasil\u00a0anunciou que agora se chama\u00a0Conexis Brasil Digital.\u00a0Na ocasi\u00e3o, um v\u00eddeo de apresenta\u00e7\u00e3o foi transmitido e o an\u00fancio foi colocado no ar, junto com o logotipo visto na imagem acima.\u00a0Marcos [&hellip;]","og_url":"https:\/\/abtelecom.org.br\/site\/sinditelebrasil-agora-se-chama-conexis-brasil-digital\/","og_site_name":"ABTelecom","article_published_time":"2020-09-29T19:09:03+00:00","article_modified_time":"2020-09-29T19:25:02+00:00","og_image":[{"width":760,"height":400,"url":"https:\/\/abtelecom.org.br\/site\/wp-content\/uploads\/2020\/09\/logotipo-sindibrasil.jpg","type":"image\/jpeg"}],"author":"abtelecom","twitter_card":"summary_large_image","twitter_misc":{"Escrito por":"abtelecom","Est. tempo de leitura":"1 minuto"},"schema":{"@context":"https:\/\/schema.org","@graph":[{"@type":"WebPage","@id":"https:\/\/abtelecom.org.br\/site\/sinditelebrasil-agora-se-chama-conexis-brasil-digital\/","url":"https:\/\/abtelecom.org.br\/site\/sinditelebrasil-agora-se-chama-conexis-brasil-digital\/","name":"SinditeleBrasil agora se chama Conexis Brasil Digital - ABTelecom","isPartOf":{"@id":"https:\/\/abtelecom.org.br\/site\/#website"},"datePublished":"2020-09-29T19:09:03+00:00","dateModified":"2020-09-29T19:25:02+00:00","author":{"@id":"https:\/\/abtelecom.org.br\/site\/#\/schema\/person\/b996fe85504afac90b0fe3a9fe27853e"},"breadcrumb":{"@id":"https:\/\/abtelecom.org.br\/site\/sinditelebrasil-agora-se-chama-conexis-brasil-digital\/#breadcrumb"},"inLanguage":"pt-BR","potentialAction":[{"@type":"ReadAction","target":["https:\/\/abtelecom.org.br\/site\/sinditelebrasil-agora-se-chama-conexis-brasil-digital\/"]}]},{"@type":"BreadcrumbList","@id":"https:\/\/abtelecom.org.br\/site\/sinditelebrasil-agora-se-chama-conexis-brasil-digital\/#breadcrumb","itemListElement":[{"@type":"ListItem","position":1,"name":"In\u00edcio","item":"https:\/\/abtelecom.org.br\/site\/"},{"@type":"ListItem","position":2,"name":"SinditeleBrasil agora se chama Conexis Brasil Digital"}]},{"@type":"WebSite","@id":"https:\/\/abtelecom.org.br\/site\/#website","url":"https:\/\/abtelecom.org.br\/site\/","name":"ABTelecom","description":"Associa\u00e7\u00e3o Brasileira de Telecomunica\u00e7\u00f5es","potentialAction":[{"@type":"SearchAction","target":{"@type":"EntryPoint","urlTemplate":"https:\/\/abtelecom.org.br\/site\/?s={search_term_string}"},"query-input":"required name=search_term_string"}],"inLanguage":"pt-BR"},{"@type":"Person","@id":"https:\/\/abtelecom.org.br\/site\/#\/schema\/person\/b996fe85504afac90b0fe3a9fe27853e","name":"abtelecom","image":{"@type":"ImageObject","inLanguage":"pt-BR","@id":"https:\/\/abtelecom.org.br\/site\/#\/schema\/person\/image\/","url":"https:\/\/secure.gravatar.com\/avatar\/9e6049fbfcd4158f6e2001caac52725a?s=96&d=mm&r=g","contentUrl":"https:\/\/secure.gravatar.com\/avatar\/9e6049fbfcd4158f6e2001caac52725a?s=96&d=mm&r=g","caption":"abtelecom"},"url":"https:\/\/abtelecom.org.br\/site\/author\/abtelecom\/"}]}},"_links":{"self":[{"href":"https:\/\/abtelecom.org.br\/site\/wp-json\/wp\/v2\/posts\/1231"}],"collection":[{"href":"https:\/\/abtelecom.org.br\/site\/wp-json\/wp\/v2\/posts"}],"about":[{"href":"https:\/\/abtelecom.org.br\/site\/wp-json\/wp\/v2\/types\/post"}],"author":[{"embeddable":true,"href":"https:\/\/abtelecom.org.br\/site\/wp-json\/wp\/v2\/users\/17"}],"replies":[{"embeddable":true,"href":"https:\/\/abtelecom.org.br\/site\/wp-json\/wp\/v2\/comments?post=1231"}],"version-history":[{"count":0,"href":"https:\/\/abtelecom.org.br\/site\/wp-json\/wp\/v2\/posts\/1231\/revisions"}],"wp:attachment":[{"href":"https:\/\/abtelecom.org.br\/site\/wp-json\/wp\/v2\/media?parent=1231"}],"wp:term":[{"taxonomy":"category","embeddable":true,"href":"https:\/\/abtelecom.org.br\/site\/wp-json\/wp\/v2\/categories?post=1231"},{"taxonomy":"post_tag","embeddable":true,"href":"https:\/\/abtelecom.org.br\/site\/wp-json\/wp\/v2\/tags?post=1231"}],"curies":[{"name":"wp","href":"https:\/\/api.w.org\/{rel}","templated":true}]}}