{"id":1439,"date":"2021-02-01T12:18:32","date_gmt":"2021-02-01T14:18:32","guid":{"rendered":"https:\/\/abtelecom.org.br\/site\/?p=1439"},"modified":"2021-02-01T12:29:38","modified_gmt":"2021-02-01T14:29:38","slug":"cabo-submarino-ligara-america-do-sul-oceania-e-asia","status":"publish","type":"post","link":"https:\/\/abtelecom.org.br\/site\/cabo-submarino-ligara-america-do-sul-oceania-e-asia\/","title":{"rendered":"Cabo submarino ligar\u00e1 Am\u00e9rica do Sul, Oceania e \u00c1sia"},"content":{"rendered":"<p>Alberto Fernand\u00e9z, presidente da Argentina, assinou com Sebastian Pi\u00f1era, presidente do Chile, um acordo para a constru\u00e7\u00e3o de um cabo submarino Transpac\u00edfico. \u201cEste acordo nos permitir\u00e1 fazer conjuntamente a constru\u00e7\u00e3o de um cabo \u00f3ptico submarino que ligar\u00e1 Chile, Argentina e Am\u00e9rica do Sul a Austr\u00e1lia, Nova Zel\u00e2ndia e \u00c1sia\u201d, disse Pi\u00f1era em entrevista coletiva.<\/p>\n<div id=\"sc_intxt_container\">\n<div id=\"sc_ava_companion\" class=\"sc_intxt_hided\">Chamado de \u201cPuerta Digital Asia Sudam\u00e9rica\u201d, o cabo de fibra \u00f3ptica\u00a0sair\u00e1 de Valpara\u00edso, uma cidade da costa chilena, e seu projeto ser\u00e1 conduzido pela Arsat, estatal argentina de telecomunica\u00e7\u00f5es.<\/div>\n<div>\n<p>Sebastian Pi\u00f1era explicou que o objetivo \u00e9 ampliar a capacidade dos pa\u00edses de se incorporarem plenamente \u00e0 sociedade digital global. O governo argentino destacou em\u00a0nota\u00a0que o intuito \u00e9 dar acesso digital aos pa\u00edses sul-americanos, tendo o Brasil como principal mercado, e a pa\u00edses da \u00c1sia-Pac\u00edfico sem precisar passar pelos Estados Unidos ou pela Europa.<\/p>\n<div id=\"quads-ad108253\" class=\"quads-location quads-ad108253\">\n<div class=\"loader\"><\/div>\n<\/div>\n<p>O valor do aporte financeiro de Chile e Argentina no projeto ainda n\u00e3o foi divulgado.<\/p>\n<div class=\"player_dynad_tv\">\n<div><\/div>\n<div id=\"_dynad_c_I5550001923_16121874215391427050609\"><strong>Cabo ligar\u00e1 Brasil e Europa<\/strong><\/div>\n<\/div>\n<p>No dia 14 de dezembro de 2020, um cabo submarino de fibra \u00f3ptica foi\u00a0ancorado na Praia do Futuro, em Fortaleza. Ele ligar\u00e1 a cidade cearense a Sines, em Portugal, e permitir\u00e1 o tr\u00e1fego de dados de 72 terabits por segundo e lat\u00eancia de 60 milissegundos.<\/p>\n<p>O projeto tem expectativa de conclus\u00e3o para meados de 2021. Segundo o Minist\u00e9rio das Comunica\u00e7\u00f5es, o cabo ainda se estender\u00e1 para pontos no Rio de Janeiro e em S\u00e3o Paulo, al\u00e9m de conex\u00f5es na \u00c1frica e em outros pa\u00edses europeus, ilhas do Atl\u00e2ntico e Guiana Francesa.<\/p>\n<p>A ancoragem do cabo aconteceu nesta segunda-feira (14), na Praia do Futuro, e o projeto tem expectativa de conclus\u00e3o para meados de 2021. Segundo o Minist\u00e9rio das Comunica\u00e7\u00f5es, o cabo ainda se estender\u00e1 para pontos no Rio de Janeiro e em S\u00e3o Paulo, al\u00e9m de conex\u00f5es na \u00c1frica e em outros pa\u00edses europeus, ilhas do Atl\u00e2ntico e Guiana Francesa.<\/p>\n<div style=\"width: 809px\" class=\"wp-caption aligncenter\"><img loading=\"lazy\" decoding=\"async\" src=\"https:\/\/olhardigital.com.br\/wp-content\/uploads\/2020\/12\/50241488888_91a279f50d_c.jpg\" alt=\"\" width=\"799\" height=\"533\" \/><p class=\"wp-caption-text\">Segundo o ministro das Comunica\u00e7\u00f5es, F\u00e1bio Faria, a capacidade de transmiss\u00e3o de dados ser\u00e1 7 mil vezes maior que a atual: \u201ca iniciativa vai nos preparar para receber o 5G\u201d. Imagem: Cl\u00e9verson Oliveira\/MC<\/p><\/div>\n<\/div>\n<p>\u201cTemos hoje um cabo que j\u00e1 faz essa conex\u00e3o, mas de voz, entre Brasil e Europa, que passa pelos Estados Unidos, mas que j\u00e1 tem mais de 20 anos. A vida \u00fatil de um cabo de fibra \u00f3ptica\u00a0que faz esse tipo de tr\u00e1fego, ele tem uma durabilidade em torno de 25 anos\u201d, explica o ministro das Comunica\u00e7\u00f5es, F\u00e1bio Faria.<\/p>\n<div class=\"publi-denakop\">\n<div id=\"denakop-ad-0\" data-google-query-id=\"CJ3115TqyO4CFcAGuQYdKaIPMg\">\n<p>A instala\u00e7\u00e3o do cabo submarino ser\u00e1 feita por uma empresa privada, a Ellalink, e custar\u00e1 R$ 1 bilh\u00e3o. O cabo tem 6 mil quil\u00f4metros de extens\u00e3o, podendo chegar a 5 quil\u00f4metros de profundidade em alguns locais. Atualmente, a comunica\u00e7\u00e3o entre Brasil e Europa passa antes pelos Estados Unidos, o que dobra o caminho percorrido: 12 mil quil\u00f4metros.<\/p>\n<div id=\"quads-ad108253\" class=\"quads-location quads-ad108253\">\n<div class=\"loader\"><\/div>\n<\/div>\n<p>\u201cO Brasil \u00e9 um dos pa\u00edses que mais produz dados no mundo, e com o 5G n\u00f3s teremos um aumento ainda maior. Ent\u00e3o, n\u00f3s precisamos de escoamento\u201d, completa Faria.<\/p>\n<p>J\u00e1 assistiu aos nossos novos v\u00eddeos no\u00a0YouTube? Inscreva-se no nosso canal!<\/p>\n<div  class='avia-video avia-video-16-9  '  itemprop=\"video\" itemtype=\"https:\/\/schema.org\/VideoObject\" ><div class='avia-iframe-wrap'><iframe loading=\"lazy\" title=\"Cabo submarino que ligar\u00e1 Brasil e Europa \u00e9 ancorado em Fortaleza\" width=\"1500\" height=\"844\" src=\"https:\/\/www.youtube.com\/embed\/1E37AvLLgC4?feature=oembed\" frameborder=\"0\" allow=\"accelerometer; autoplay; clipboard-write; encrypted-media; gyroscope; picture-in-picture\" allowfullscreen><\/iframe><\/div><\/div>\n<\/div>\n<h2 id=\"h-entenda-a-import-ncia-dos-cabos-submarinos\">Entenda a import\u00e2ncia dos cabos submarinos<\/h2>\n<p>\u00c9 bastante prov\u00e1vel que voc\u00ea j\u00e1 tenha ouvido falar de cabos submarinos. Eles s\u00e3o usados em trechos de mar para ligar esta\u00e7\u00f5es terrestres e, assim, transmitir sinais de telecomunica\u00e7\u00f5es por longas dist\u00e2ncias. Para isso, s\u00e3o instalados no assoalho oce\u00e2nico.<\/p>\n<div id=\"quads-ad108253\" class=\"quads-location quads-ad108253\">\n<div class=\"loader\"><\/div>\n<\/div>\n<p>Esses cabos recebem prote\u00e7\u00e3o mec\u00e2nica adicional para que sejam instalados sob a \u00e1gua: normalmente, t\u00eam interior de a\u00e7o e isolamento especial. Eles podem ser met\u00e1licos, coaxiais ou \u00f3pticos \u2014 os mais utilizados atualmente.<\/p>\n<p>Fonte: Olhar Digital<\/p>\n<\/div>\n<\/div>\n","protected":false},"excerpt":{"rendered":"<p>Alberto Fernand\u00e9z, presidente da Argentina, assinou com Sebastian Pi\u00f1era, presidente do Chile, um acordo para a constru\u00e7\u00e3o de um cabo submarino Transpac\u00edfico. \u201cEste acordo nos permitir\u00e1 fazer conjuntamente a constru\u00e7\u00e3o de um cabo \u00f3ptico submarino que ligar\u00e1 Chile, Argentina e Am\u00e9rica do Sul a Austr\u00e1lia, Nova Zel\u00e2ndia e \u00c1sia\u201d, disse Pi\u00f1era em entrevista coletiva. Chamado [&hellip;]<\/p>\n","protected":false},"author":17,"featured_media":0,"comment_status":"open","ping_status":"open","sticky":false,"template":"","format":"standard","meta":{"_exactmetrics_skip_tracking":false,"_exactmetrics_sitenote_active":false,"_exactmetrics_sitenote_note":"","_exactmetrics_sitenote_category":0,"footnotes":""},"categories":[14,15],"tags":[],"yoast_head":"<!-- This site is optimized with the Yoast SEO plugin v21.7 - https:\/\/yoast.com\/wordpress\/plugins\/seo\/ -->\n<title>Cabo submarino ligar\u00e1 Am\u00e9rica do Sul, Oceania e \u00c1sia - ABTelecom<\/title>\n<meta name=\"robots\" content=\"index, follow, max-snippet:-1, max-image-preview:large, max-video-preview:-1\" \/>\n<link rel=\"canonical\" href=\"https:\/\/abtelecom.org.br\/site\/cabo-submarino-ligara-america-do-sul-oceania-e-asia\/\" \/>\n<meta property=\"og:locale\" content=\"pt_BR\" \/>\n<meta property=\"og:type\" content=\"article\" \/>\n<meta property=\"og:title\" content=\"Cabo submarino ligar\u00e1 Am\u00e9rica do Sul, Oceania e \u00c1sia - ABTelecom\" \/>\n<meta property=\"og:description\" content=\"Alberto Fernand\u00e9z, presidente da Argentina, assinou com Sebastian Pi\u00f1era, presidente do Chile, um acordo para a constru\u00e7\u00e3o de um cabo submarino Transpac\u00edfico. \u201cEste acordo nos permitir\u00e1 fazer conjuntamente a constru\u00e7\u00e3o de um cabo \u00f3ptico submarino que ligar\u00e1 Chile, Argentina e Am\u00e9rica do Sul a Austr\u00e1lia, Nova Zel\u00e2ndia e \u00c1sia\u201d, disse Pi\u00f1era em entrevista coletiva. Chamado [&hellip;]\" \/>\n<meta property=\"og:url\" content=\"https:\/\/abtelecom.org.br\/site\/cabo-submarino-ligara-america-do-sul-oceania-e-asia\/\" \/>\n<meta property=\"og:site_name\" content=\"ABTelecom\" \/>\n<meta property=\"article:published_time\" content=\"2021-02-01T14:18:32+00:00\" \/>\n<meta property=\"article:modified_time\" content=\"2021-02-01T14:29:38+00:00\" \/>\n<meta property=\"og:image\" content=\"https:\/\/abtelecom.org.br\/site\/wp-content\/uploads\/2021\/02\/cab-submarino-abtelecom.jpg\" \/>\n\t<meta property=\"og:image:width\" content=\"1254\" \/>\n\t<meta property=\"og:image:height\" content=\"797\" \/>\n\t<meta property=\"og:image:type\" content=\"image\/jpeg\" \/>\n<meta name=\"author\" content=\"abtelecom\" \/>\n<meta name=\"twitter:card\" content=\"summary_large_image\" \/>\n<meta name=\"twitter:label1\" content=\"Escrito por\" \/>\n\t<meta name=\"twitter:data1\" content=\"abtelecom\" \/>\n\t<meta name=\"twitter:label2\" content=\"Est. tempo de leitura\" \/>\n\t<meta name=\"twitter:data2\" content=\"3 minutos\" \/>\n<script type=\"application\/ld+json\" class=\"yoast-schema-graph\">{\"@context\":\"https:\/\/schema.org\",\"@graph\":[{\"@type\":\"WebPage\",\"@id\":\"https:\/\/abtelecom.org.br\/site\/cabo-submarino-ligara-america-do-sul-oceania-e-asia\/\",\"url\":\"https:\/\/abtelecom.org.br\/site\/cabo-submarino-ligara-america-do-sul-oceania-e-asia\/\",\"name\":\"Cabo submarino ligar\u00e1 Am\u00e9rica do Sul, Oceania e \u00c1sia - ABTelecom\",\"isPartOf\":{\"@id\":\"https:\/\/abtelecom.org.br\/site\/#website\"},\"datePublished\":\"2021-02-01T14:18:32+00:00\",\"dateModified\":\"2021-02-01T14:29:38+00:00\",\"author\":{\"@id\":\"https:\/\/abtelecom.org.br\/site\/#\/schema\/person\/b996fe85504afac90b0fe3a9fe27853e\"},\"breadcrumb\":{\"@id\":\"https:\/\/abtelecom.org.br\/site\/cabo-submarino-ligara-america-do-sul-oceania-e-asia\/#breadcrumb\"},\"inLanguage\":\"pt-BR\",\"potentialAction\":[{\"@type\":\"ReadAction\",\"target\":[\"https:\/\/abtelecom.org.br\/site\/cabo-submarino-ligara-america-do-sul-oceania-e-asia\/\"]}]},{\"@type\":\"BreadcrumbList\",\"@id\":\"https:\/\/abtelecom.org.br\/site\/cabo-submarino-ligara-america-do-sul-oceania-e-asia\/#breadcrumb\",\"itemListElement\":[{\"@type\":\"ListItem\",\"position\":1,\"name\":\"In\u00edcio\",\"item\":\"https:\/\/abtelecom.org.br\/site\/\"},{\"@type\":\"ListItem\",\"position\":2,\"name\":\"Cabo submarino ligar\u00e1 Am\u00e9rica do Sul, Oceania e \u00c1sia\"}]},{\"@type\":\"WebSite\",\"@id\":\"https:\/\/abtelecom.org.br\/site\/#website\",\"url\":\"https:\/\/abtelecom.org.br\/site\/\",\"name\":\"ABTelecom\",\"description\":\"Associa\u00e7\u00e3o Brasileira de Telecomunica\u00e7\u00f5es\",\"potentialAction\":[{\"@type\":\"SearchAction\",\"target\":{\"@type\":\"EntryPoint\",\"urlTemplate\":\"https:\/\/abtelecom.org.br\/site\/?s={search_term_string}\"},\"query-input\":\"required name=search_term_string\"}],\"inLanguage\":\"pt-BR\"},{\"@type\":\"Person\",\"@id\":\"https:\/\/abtelecom.org.br\/site\/#\/schema\/person\/b996fe85504afac90b0fe3a9fe27853e\",\"name\":\"abtelecom\",\"image\":{\"@type\":\"ImageObject\",\"inLanguage\":\"pt-BR\",\"@id\":\"https:\/\/abtelecom.org.br\/site\/#\/schema\/person\/image\/\",\"url\":\"https:\/\/secure.gravatar.com\/avatar\/9e6049fbfcd4158f6e2001caac52725a?s=96&d=mm&r=g\",\"contentUrl\":\"https:\/\/secure.gravatar.com\/avatar\/9e6049fbfcd4158f6e2001caac52725a?s=96&d=mm&r=g\",\"caption\":\"abtelecom\"},\"url\":\"https:\/\/abtelecom.org.br\/site\/author\/abtelecom\/\"}]}<\/script>\n<!-- \/ Yoast SEO plugin. -->","yoast_head_json":{"title":"Cabo submarino ligar\u00e1 Am\u00e9rica do Sul, Oceania e \u00c1sia - ABTelecom","robots":{"index":"index","follow":"follow","max-snippet":"max-snippet:-1","max-image-preview":"max-image-preview:large","max-video-preview":"max-video-preview:-1"},"canonical":"https:\/\/abtelecom.org.br\/site\/cabo-submarino-ligara-america-do-sul-oceania-e-asia\/","og_locale":"pt_BR","og_type":"article","og_title":"Cabo submarino ligar\u00e1 Am\u00e9rica do Sul, Oceania e \u00c1sia - ABTelecom","og_description":"Alberto Fernand\u00e9z, presidente da Argentina, assinou com Sebastian Pi\u00f1era, presidente do Chile, um acordo para a constru\u00e7\u00e3o de um cabo submarino Transpac\u00edfico. \u201cEste acordo nos permitir\u00e1 fazer conjuntamente a constru\u00e7\u00e3o de um cabo \u00f3ptico submarino que ligar\u00e1 Chile, Argentina e Am\u00e9rica do Sul a Austr\u00e1lia, Nova Zel\u00e2ndia e \u00c1sia\u201d, disse Pi\u00f1era em entrevista coletiva. Chamado [&hellip;]","og_url":"https:\/\/abtelecom.org.br\/site\/cabo-submarino-ligara-america-do-sul-oceania-e-asia\/","og_site_name":"ABTelecom","article_published_time":"2021-02-01T14:18:32+00:00","article_modified_time":"2021-02-01T14:29:38+00:00","og_image":[{"width":1254,"height":797,"url":"https:\/\/abtelecom.org.br\/site\/wp-content\/uploads\/2021\/02\/cab-submarino-abtelecom.jpg","type":"image\/jpeg"}],"author":"abtelecom","twitter_card":"summary_large_image","twitter_misc":{"Escrito por":"abtelecom","Est. tempo de leitura":"3 minutos"},"schema":{"@context":"https:\/\/schema.org","@graph":[{"@type":"WebPage","@id":"https:\/\/abtelecom.org.br\/site\/cabo-submarino-ligara-america-do-sul-oceania-e-asia\/","url":"https:\/\/abtelecom.org.br\/site\/cabo-submarino-ligara-america-do-sul-oceania-e-asia\/","name":"Cabo submarino ligar\u00e1 Am\u00e9rica do Sul, Oceania e \u00c1sia - ABTelecom","isPartOf":{"@id":"https:\/\/abtelecom.org.br\/site\/#website"},"datePublished":"2021-02-01T14:18:32+00:00","dateModified":"2021-02-01T14:29:38+00:00","author":{"@id":"https:\/\/abtelecom.org.br\/site\/#\/schema\/person\/b996fe85504afac90b0fe3a9fe27853e"},"breadcrumb":{"@id":"https:\/\/abtelecom.org.br\/site\/cabo-submarino-ligara-america-do-sul-oceania-e-asia\/#breadcrumb"},"inLanguage":"pt-BR","potentialAction":[{"@type":"ReadAction","target":["https:\/\/abtelecom.org.br\/site\/cabo-submarino-ligara-america-do-sul-oceania-e-asia\/"]}]},{"@type":"BreadcrumbList","@id":"https:\/\/abtelecom.org.br\/site\/cabo-submarino-ligara-america-do-sul-oceania-e-asia\/#breadcrumb","itemListElement":[{"@type":"ListItem","position":1,"name":"In\u00edcio","item":"https:\/\/abtelecom.org.br\/site\/"},{"@type":"ListItem","position":2,"name":"Cabo submarino ligar\u00e1 Am\u00e9rica do Sul, Oceania e \u00c1sia"}]},{"@type":"WebSite","@id":"https:\/\/abtelecom.org.br\/site\/#website","url":"https:\/\/abtelecom.org.br\/site\/","name":"ABTelecom","description":"Associa\u00e7\u00e3o Brasileira de Telecomunica\u00e7\u00f5es","potentialAction":[{"@type":"SearchAction","target":{"@type":"EntryPoint","urlTemplate":"https:\/\/abtelecom.org.br\/site\/?s={search_term_string}"},"query-input":"required name=search_term_string"}],"inLanguage":"pt-BR"},{"@type":"Person","@id":"https:\/\/abtelecom.org.br\/site\/#\/schema\/person\/b996fe85504afac90b0fe3a9fe27853e","name":"abtelecom","image":{"@type":"ImageObject","inLanguage":"pt-BR","@id":"https:\/\/abtelecom.org.br\/site\/#\/schema\/person\/image\/","url":"https:\/\/secure.gravatar.com\/avatar\/9e6049fbfcd4158f6e2001caac52725a?s=96&d=mm&r=g","contentUrl":"https:\/\/secure.gravatar.com\/avatar\/9e6049fbfcd4158f6e2001caac52725a?s=96&d=mm&r=g","caption":"abtelecom"},"url":"https:\/\/abtelecom.org.br\/site\/author\/abtelecom\/"}]}},"_links":{"self":[{"href":"https:\/\/abtelecom.org.br\/site\/wp-json\/wp\/v2\/posts\/1439"}],"collection":[{"href":"https:\/\/abtelecom.org.br\/site\/wp-json\/wp\/v2\/posts"}],"about":[{"href":"https:\/\/abtelecom.org.br\/site\/wp-json\/wp\/v2\/types\/post"}],"author":[{"embeddable":true,"href":"https:\/\/abtelecom.org.br\/site\/wp-json\/wp\/v2\/users\/17"}],"replies":[{"embeddable":true,"href":"https:\/\/abtelecom.org.br\/site\/wp-json\/wp\/v2\/comments?post=1439"}],"version-history":[{"count":0,"href":"https:\/\/abtelecom.org.br\/site\/wp-json\/wp\/v2\/posts\/1439\/revisions"}],"wp:attachment":[{"href":"https:\/\/abtelecom.org.br\/site\/wp-json\/wp\/v2\/media?parent=1439"}],"wp:term":[{"taxonomy":"category","embeddable":true,"href":"https:\/\/abtelecom.org.br\/site\/wp-json\/wp\/v2\/categories?post=1439"},{"taxonomy":"post_tag","embeddable":true,"href":"https:\/\/abtelecom.org.br\/site\/wp-json\/wp\/v2\/tags?post=1439"}],"curies":[{"name":"wp","href":"https:\/\/api.w.org\/{rel}","templated":true}]}}