{"id":1468,"date":"2021-03-02T09:46:57","date_gmt":"2021-03-02T12:46:57","guid":{"rendered":"https:\/\/abtelecom.org.br\/site\/?p=1468"},"modified":"2021-03-02T09:49:00","modified_gmt":"2021-03-02T12:49:00","slug":"amazonia-1-chega-a-orbita-com-sucesso-e-inicia-transmissao-de-dados","status":"publish","type":"post","link":"https:\/\/abtelecom.org.br\/site\/amazonia-1-chega-a-orbita-com-sucesso-e-inicia-transmissao-de-dados\/","title":{"rendered":"Amazonia 1 chega \u00e0 \u00f3rbita com sucesso e inicia transmiss\u00e3o de dados"},"content":{"rendered":"<p>Em apenas 17 minutos ap\u00f3s o lan\u00e7amento, ocorrido \u00e0 1h54 (hor\u00e1rio de Bras\u00edlia), o sat\u00e9lite Amazonia 1 alcan\u00e7ou o destino a 752 quil\u00f4metros de altitude da superf\u00edcie da Terra. O lan\u00e7amento ocorreu a partir do Centro Espacial Satish Dhawan, na cidade de Sriharikota, na prov\u00edncia de Andhra Pradesh, na \u00cdndia, e marcou dois avan\u00e7os tecnol\u00f3gicos do pa\u00eds: o dom\u00ednio completo do ciclo de desenvolvimento de um sat\u00e9lite &#8211; conhecimento dominado por apenas vinte pa\u00edses no mundo &#8211; e a valida\u00e7\u00e3o de voo da Plataforma Multimiss\u00e3o (PMM), que funciona como um sistema adapt\u00e1vel modular que pode ser configurado de diversas maneiras para cumprir diferentes objetivos. A afirma\u00e7\u00e3o foi feita por M\u00f4nica Rocha, diretora substituta do Instituto Nacional de Pesquisas Espaciais (Inpe).<img decoding=\"async\" src=\"https:\/\/agenciabrasil.ebc.com.br\/ebc.png?id=1402467&amp;o=node\" \/><img decoding=\"async\" src=\"https:\/\/agenciabrasil.ebc.com.br\/ebc.gif?id=1402467&amp;o=node\" \/><\/p>\n<p>O lan\u00e7amento do sat\u00e9lite &#8211; fruto de uma parceria entre o programa espacial brasileiro e a \u00cdndia &#8211; foi comemorado na madrugada de hoje (28) por t\u00e9cnicos, engenheiros e demais membros da equipe de desenvolvimento tecnol\u00f3gico do equipamento. O ministro da Ci\u00eancia, Tecnologia e Inova\u00e7\u00e3o, Marcos Pontes, acompanhou diretamente do centro de controle da miss\u00e3o na \u00cdndia, e fez quest\u00e3o de reafirmar a parceria entre os dois pa\u00edses. \u201cEste momento representa o \u00e1pice desse esfor\u00e7o [de desenvolvimento do projeto], feito por tantas pessoas. Esse sat\u00e9lite tem uma miss\u00e3o muito importante para o Brasil. Essa parceria [entre Brasil e \u00cdndia] vai crescer muito. Portanto, muito obrigado pelo lindo lan\u00e7amento, lindo foguete e por todo o esfor\u00e7o. As bandeiras [da \u00edndia e do Brasil] representam exatamente o que estamos fazendo aqui hoje: uma rela\u00e7\u00e3o cada vez mais forte\u201d, discursou o ministro para a equipe indiana ap\u00f3s o an\u00fancio do sucesso da miss\u00e3o.<\/p>\n<div class=\"dnd-widget-wrapper context-cheio_8colunas type-image\">\n<div class=\"dnd-atom-rendered\">\n<div class=\"shadow overflow-hidden rounded-lg d-block zoom-on-hover-sm shadow-hover w-100\"><img decoding=\"async\" class=\"flex-fill img-cover aligncenter\" title=\"Reprodu\u00e7\u00e3o\/Youtube MCTI\" src=\"https:\/\/imagens.ebc.com.br\/4gUOCikwvc-68dUjLOFLrKnWs_0=\/754x0\/smart\/https:\/\/agenciabrasil.ebc.com.br\/sites\/default\/files\/thumbnails\/image\/e198fd3e-2f13-416f-a8fb-60a44c9d3c18.png?itok=0Y2epopl\" alt=\"O sat\u00e9lite foi lan\u00e7ado no Centro de Lan\u00e7amento Satish Dhawan Space Centre, em Sriharikota, na \u00cdndia.\" \/><\/div>\n<\/div>\n<div class=\"dnd-caption-wrapper\">\n<div class=\"meta\">O sat\u00e9lite foi lan\u00e7ado no Centro de Lan\u00e7amento Satish Dhawan Space Centre, em Sriharikota, na \u00cdndia. &#8211;\u00a0<strong>Reprodu\u00e7\u00e3o\/Youtube MCTI<\/strong><\/div>\n<\/div>\n<\/div>\n<p>\u201cEstou extremamente satisfeito em declarar o sucesso do lan\u00e7amento preciso do Amazonia 1 hoje. Nesta miss\u00e3o, a \u00cdndia e a ISRO [ag\u00eancia espacial indiana] est\u00e3o extremamente honradas e felizes em lan\u00e7ar o primeiro sat\u00e9lite operado pelo Brasil. Minhas sinceras congratula\u00e7\u00f5es ao time brasileiro por essa conquista. O sat\u00e9lite est\u00e1 em \u00f3rbita, os pain\u00e9is solares se abriram e est\u00e1 tudo funcionando muito bem&#8221;, afirmou o presidente da ISRO, K. Sivan ao final da opera\u00e7\u00e3o.<\/p>\n<p>&nbsp;<\/p>\n<p>O Amazonia 1 foi desenvolvido pelo Instituto Nacional de Pesquisas Espaciais (INPE) em parceria com a Ag\u00eancia Espacial Brasileira (AEB) &#8211; \u00f3rg\u00e3os ligados ao Minist\u00e9rio da Ci\u00eancia, Tecnologia e Inova\u00e7\u00f5es.<\/p>\n<p><iframe loading=\"lazy\" style=\"border: none; overflow: hidden;\" src=\"https:\/\/www.facebook.com\/plugins\/video.php?href=https%3A%2F%2Fwww.facebook.com%2Fagenciabrasil.ebc%2Fvideos%2F4121060587938807%2F&amp;show_text=0&amp;width=560\" width=\"560\" height=\"315\" frameborder=\"0\" scrolling=\"no\" allowfullscreen=\"allowfullscreen\"><\/iframe><\/p>\n<p>O Amazonia 1 foi colocado em \u00f3rbita pela miss\u00e3o PSLV-C51, da ag\u00eancia espacial indiana Indian Space Research Organisation (ISRO). Com seis\u00a0quil\u00f4metros de fios e 14 mil conex\u00f5es el\u00e9tricas, o sat\u00e9lite tem por objetivo fornecer dados de sensoriamento remoto para observar e monitorar o desmatamento, especialmente na regi\u00e3o amaz\u00f4nica, al\u00e9m de monitorar a agricultura no pa\u00eds.<\/p>\n<p>Em entrevista exclusiva \u00e0\u00a0<strong>R\u00e1dio Nacional<\/strong>, o presidente da Ag\u00eancia Espacial Brasileira, Carlos Moura, que acompanha a comitiva na \u00cdndia, disse que o momento \u00e9 de expectativa e tamb\u00e9m de proje\u00e7\u00e3o do Brasil.<\/p>\n<p>Fonte:<a href=\"https:\/\/agenciabrasil.ebc.com.br\/geral\/noticia\/2021-02\/amazonia-1-chega-orbita-com-sucesso-e-inicia-transmissao-de-dados\" target=\"_blank\" rel=\"noopener\"> Ag\u00eancia Brasil<\/a><\/p>\n","protected":false},"excerpt":{"rendered":"<p>Em apenas 17 minutos ap\u00f3s o lan\u00e7amento, ocorrido \u00e0 1h54 (hor\u00e1rio de Bras\u00edlia), o sat\u00e9lite Amazonia 1 alcan\u00e7ou o destino a 752 quil\u00f4metros de altitude da superf\u00edcie da Terra. O lan\u00e7amento ocorreu a partir do Centro Espacial Satish Dhawan, na cidade de Sriharikota, na prov\u00edncia de Andhra Pradesh, na \u00cdndia, e marcou dois avan\u00e7os tecnol\u00f3gicos [&hellip;]<\/p>\n","protected":false},"author":17,"featured_media":0,"comment_status":"open","ping_status":"open","sticky":false,"template":"","format":"standard","meta":{"_exactmetrics_skip_tracking":false,"_exactmetrics_sitenote_active":false,"_exactmetrics_sitenote_note":"","_exactmetrics_sitenote_category":0,"footnotes":""},"categories":[1],"tags":[],"yoast_head":"<!-- This site is optimized with the Yoast SEO plugin v21.7 - https:\/\/yoast.com\/wordpress\/plugins\/seo\/ -->\n<title>Amazonia 1 chega \u00e0 \u00f3rbita com sucesso e inicia transmiss\u00e3o de dados - ABTelecom<\/title>\n<meta name=\"robots\" content=\"index, follow, max-snippet:-1, max-image-preview:large, max-video-preview:-1\" \/>\n<link rel=\"canonical\" href=\"https:\/\/abtelecom.org.br\/site\/amazonia-1-chega-a-orbita-com-sucesso-e-inicia-transmissao-de-dados\/\" \/>\n<meta property=\"og:locale\" content=\"pt_BR\" \/>\n<meta property=\"og:type\" content=\"article\" \/>\n<meta property=\"og:title\" content=\"Amazonia 1 chega \u00e0 \u00f3rbita com sucesso e inicia transmiss\u00e3o de dados - ABTelecom\" \/>\n<meta property=\"og:description\" content=\"Em apenas 17 minutos ap\u00f3s o lan\u00e7amento, ocorrido \u00e0 1h54 (hor\u00e1rio de Bras\u00edlia), o sat\u00e9lite Amazonia 1 alcan\u00e7ou o destino a 752 quil\u00f4metros de altitude da superf\u00edcie da Terra. O lan\u00e7amento ocorreu a partir do Centro Espacial Satish Dhawan, na cidade de Sriharikota, na prov\u00edncia de Andhra Pradesh, na \u00cdndia, e marcou dois avan\u00e7os tecnol\u00f3gicos [&hellip;]\" \/>\n<meta property=\"og:url\" content=\"https:\/\/abtelecom.org.br\/site\/amazonia-1-chega-a-orbita-com-sucesso-e-inicia-transmissao-de-dados\/\" \/>\n<meta property=\"og:site_name\" content=\"ABTelecom\" \/>\n<meta property=\"article:published_time\" content=\"2021-03-02T12:46:57+00:00\" \/>\n<meta property=\"article:modified_time\" content=\"2021-03-02T12:49:00+00:00\" \/>\n<meta property=\"og:image\" content=\"https:\/\/abtelecom.org.br\/site\/wp-content\/uploads\/2021\/03\/satelite-amazonia.jpg\" \/>\n\t<meta property=\"og:image:width\" content=\"1170\" \/>\n\t<meta property=\"og:image:height\" content=\"700\" \/>\n\t<meta property=\"og:image:type\" content=\"image\/jpeg\" \/>\n<meta name=\"author\" content=\"abtelecom\" \/>\n<meta name=\"twitter:card\" content=\"summary_large_image\" \/>\n<meta name=\"twitter:label1\" content=\"Escrito por\" \/>\n\t<meta name=\"twitter:data1\" content=\"abtelecom\" \/>\n\t<meta name=\"twitter:label2\" content=\"Est. tempo de leitura\" \/>\n\t<meta name=\"twitter:data2\" content=\"3 minutos\" \/>\n<script type=\"application\/ld+json\" class=\"yoast-schema-graph\">{\"@context\":\"https:\/\/schema.org\",\"@graph\":[{\"@type\":\"WebPage\",\"@id\":\"https:\/\/abtelecom.org.br\/site\/amazonia-1-chega-a-orbita-com-sucesso-e-inicia-transmissao-de-dados\/\",\"url\":\"https:\/\/abtelecom.org.br\/site\/amazonia-1-chega-a-orbita-com-sucesso-e-inicia-transmissao-de-dados\/\",\"name\":\"Amazonia 1 chega \u00e0 \u00f3rbita com sucesso e inicia transmiss\u00e3o de dados - ABTelecom\",\"isPartOf\":{\"@id\":\"https:\/\/abtelecom.org.br\/site\/#website\"},\"datePublished\":\"2021-03-02T12:46:57+00:00\",\"dateModified\":\"2021-03-02T12:49:00+00:00\",\"author\":{\"@id\":\"https:\/\/abtelecom.org.br\/site\/#\/schema\/person\/b996fe85504afac90b0fe3a9fe27853e\"},\"breadcrumb\":{\"@id\":\"https:\/\/abtelecom.org.br\/site\/amazonia-1-chega-a-orbita-com-sucesso-e-inicia-transmissao-de-dados\/#breadcrumb\"},\"inLanguage\":\"pt-BR\",\"potentialAction\":[{\"@type\":\"ReadAction\",\"target\":[\"https:\/\/abtelecom.org.br\/site\/amazonia-1-chega-a-orbita-com-sucesso-e-inicia-transmissao-de-dados\/\"]}]},{\"@type\":\"BreadcrumbList\",\"@id\":\"https:\/\/abtelecom.org.br\/site\/amazonia-1-chega-a-orbita-com-sucesso-e-inicia-transmissao-de-dados\/#breadcrumb\",\"itemListElement\":[{\"@type\":\"ListItem\",\"position\":1,\"name\":\"In\u00edcio\",\"item\":\"https:\/\/abtelecom.org.br\/site\/\"},{\"@type\":\"ListItem\",\"position\":2,\"name\":\"Amazonia 1 chega \u00e0 \u00f3rbita com sucesso e inicia transmiss\u00e3o de dados\"}]},{\"@type\":\"WebSite\",\"@id\":\"https:\/\/abtelecom.org.br\/site\/#website\",\"url\":\"https:\/\/abtelecom.org.br\/site\/\",\"name\":\"ABTelecom\",\"description\":\"Associa\u00e7\u00e3o Brasileira de Telecomunica\u00e7\u00f5es\",\"potentialAction\":[{\"@type\":\"SearchAction\",\"target\":{\"@type\":\"EntryPoint\",\"urlTemplate\":\"https:\/\/abtelecom.org.br\/site\/?s={search_term_string}\"},\"query-input\":\"required name=search_term_string\"}],\"inLanguage\":\"pt-BR\"},{\"@type\":\"Person\",\"@id\":\"https:\/\/abtelecom.org.br\/site\/#\/schema\/person\/b996fe85504afac90b0fe3a9fe27853e\",\"name\":\"abtelecom\",\"image\":{\"@type\":\"ImageObject\",\"inLanguage\":\"pt-BR\",\"@id\":\"https:\/\/abtelecom.org.br\/site\/#\/schema\/person\/image\/\",\"url\":\"https:\/\/secure.gravatar.com\/avatar\/9e6049fbfcd4158f6e2001caac52725a?s=96&d=mm&r=g\",\"contentUrl\":\"https:\/\/secure.gravatar.com\/avatar\/9e6049fbfcd4158f6e2001caac52725a?s=96&d=mm&r=g\",\"caption\":\"abtelecom\"},\"url\":\"https:\/\/abtelecom.org.br\/site\/author\/abtelecom\/\"}]}<\/script>\n<!-- \/ Yoast SEO plugin. -->","yoast_head_json":{"title":"Amazonia 1 chega \u00e0 \u00f3rbita com sucesso e inicia transmiss\u00e3o de dados - ABTelecom","robots":{"index":"index","follow":"follow","max-snippet":"max-snippet:-1","max-image-preview":"max-image-preview:large","max-video-preview":"max-video-preview:-1"},"canonical":"https:\/\/abtelecom.org.br\/site\/amazonia-1-chega-a-orbita-com-sucesso-e-inicia-transmissao-de-dados\/","og_locale":"pt_BR","og_type":"article","og_title":"Amazonia 1 chega \u00e0 \u00f3rbita com sucesso e inicia transmiss\u00e3o de dados - ABTelecom","og_description":"Em apenas 17 minutos ap\u00f3s o lan\u00e7amento, ocorrido \u00e0 1h54 (hor\u00e1rio de Bras\u00edlia), o sat\u00e9lite Amazonia 1 alcan\u00e7ou o destino a 752 quil\u00f4metros de altitude da superf\u00edcie da Terra. O lan\u00e7amento ocorreu a partir do Centro Espacial Satish Dhawan, na cidade de Sriharikota, na prov\u00edncia de Andhra Pradesh, na \u00cdndia, e marcou dois avan\u00e7os tecnol\u00f3gicos [&hellip;]","og_url":"https:\/\/abtelecom.org.br\/site\/amazonia-1-chega-a-orbita-com-sucesso-e-inicia-transmissao-de-dados\/","og_site_name":"ABTelecom","article_published_time":"2021-03-02T12:46:57+00:00","article_modified_time":"2021-03-02T12:49:00+00:00","og_image":[{"width":1170,"height":700,"url":"https:\/\/abtelecom.org.br\/site\/wp-content\/uploads\/2021\/03\/satelite-amazonia.jpg","type":"image\/jpeg"}],"author":"abtelecom","twitter_card":"summary_large_image","twitter_misc":{"Escrito por":"abtelecom","Est. tempo de leitura":"3 minutos"},"schema":{"@context":"https:\/\/schema.org","@graph":[{"@type":"WebPage","@id":"https:\/\/abtelecom.org.br\/site\/amazonia-1-chega-a-orbita-com-sucesso-e-inicia-transmissao-de-dados\/","url":"https:\/\/abtelecom.org.br\/site\/amazonia-1-chega-a-orbita-com-sucesso-e-inicia-transmissao-de-dados\/","name":"Amazonia 1 chega \u00e0 \u00f3rbita com sucesso e inicia transmiss\u00e3o de dados - ABTelecom","isPartOf":{"@id":"https:\/\/abtelecom.org.br\/site\/#website"},"datePublished":"2021-03-02T12:46:57+00:00","dateModified":"2021-03-02T12:49:00+00:00","author":{"@id":"https:\/\/abtelecom.org.br\/site\/#\/schema\/person\/b996fe85504afac90b0fe3a9fe27853e"},"breadcrumb":{"@id":"https:\/\/abtelecom.org.br\/site\/amazonia-1-chega-a-orbita-com-sucesso-e-inicia-transmissao-de-dados\/#breadcrumb"},"inLanguage":"pt-BR","potentialAction":[{"@type":"ReadAction","target":["https:\/\/abtelecom.org.br\/site\/amazonia-1-chega-a-orbita-com-sucesso-e-inicia-transmissao-de-dados\/"]}]},{"@type":"BreadcrumbList","@id":"https:\/\/abtelecom.org.br\/site\/amazonia-1-chega-a-orbita-com-sucesso-e-inicia-transmissao-de-dados\/#breadcrumb","itemListElement":[{"@type":"ListItem","position":1,"name":"In\u00edcio","item":"https:\/\/abtelecom.org.br\/site\/"},{"@type":"ListItem","position":2,"name":"Amazonia 1 chega \u00e0 \u00f3rbita com sucesso e inicia transmiss\u00e3o de dados"}]},{"@type":"WebSite","@id":"https:\/\/abtelecom.org.br\/site\/#website","url":"https:\/\/abtelecom.org.br\/site\/","name":"ABTelecom","description":"Associa\u00e7\u00e3o Brasileira de Telecomunica\u00e7\u00f5es","potentialAction":[{"@type":"SearchAction","target":{"@type":"EntryPoint","urlTemplate":"https:\/\/abtelecom.org.br\/site\/?s={search_term_string}"},"query-input":"required name=search_term_string"}],"inLanguage":"pt-BR"},{"@type":"Person","@id":"https:\/\/abtelecom.org.br\/site\/#\/schema\/person\/b996fe85504afac90b0fe3a9fe27853e","name":"abtelecom","image":{"@type":"ImageObject","inLanguage":"pt-BR","@id":"https:\/\/abtelecom.org.br\/site\/#\/schema\/person\/image\/","url":"https:\/\/secure.gravatar.com\/avatar\/9e6049fbfcd4158f6e2001caac52725a?s=96&d=mm&r=g","contentUrl":"https:\/\/secure.gravatar.com\/avatar\/9e6049fbfcd4158f6e2001caac52725a?s=96&d=mm&r=g","caption":"abtelecom"},"url":"https:\/\/abtelecom.org.br\/site\/author\/abtelecom\/"}]}},"_links":{"self":[{"href":"https:\/\/abtelecom.org.br\/site\/wp-json\/wp\/v2\/posts\/1468"}],"collection":[{"href":"https:\/\/abtelecom.org.br\/site\/wp-json\/wp\/v2\/posts"}],"about":[{"href":"https:\/\/abtelecom.org.br\/site\/wp-json\/wp\/v2\/types\/post"}],"author":[{"embeddable":true,"href":"https:\/\/abtelecom.org.br\/site\/wp-json\/wp\/v2\/users\/17"}],"replies":[{"embeddable":true,"href":"https:\/\/abtelecom.org.br\/site\/wp-json\/wp\/v2\/comments?post=1468"}],"version-history":[{"count":0,"href":"https:\/\/abtelecom.org.br\/site\/wp-json\/wp\/v2\/posts\/1468\/revisions"}],"wp:attachment":[{"href":"https:\/\/abtelecom.org.br\/site\/wp-json\/wp\/v2\/media?parent=1468"}],"wp:term":[{"taxonomy":"category","embeddable":true,"href":"https:\/\/abtelecom.org.br\/site\/wp-json\/wp\/v2\/categories?post=1468"},{"taxonomy":"post_tag","embeddable":true,"href":"https:\/\/abtelecom.org.br\/site\/wp-json\/wp\/v2\/tags?post=1468"}],"curies":[{"name":"wp","href":"https:\/\/api.w.org\/{rel}","templated":true}]}}