{"id":1637,"date":"2021-06-30T17:51:45","date_gmt":"2021-06-30T20:51:45","guid":{"rendered":"https:\/\/abtelecom.org.br\/site\/?p=1637"},"modified":"2021-06-30T17:53:17","modified_gmt":"2021-06-30T20:53:17","slug":"mais-espectro-open-ran-e-desempenho-das-redes-sao-prioridades-em-agenda-5g-da-fcc","status":"publish","type":"post","link":"https:\/\/abtelecom.org.br\/site\/mais-espectro-open-ran-e-desempenho-das-redes-sao-prioridades-em-agenda-5g-da-fcc\/","title":{"rendered":"Mais espectro, Open RAN e desempenho das redes s\u00e3o prioridades em agenda 5G da FCC"},"content":{"rendered":"<div style=\"width: 521px\" class=\"wp-caption alignleft\"><img loading=\"lazy\" decoding=\"async\" src=\"https:\/\/teletime.com.br\/wp-content\/uploads\/2021\/06\/fcc-mwc-696x392.jpg\" alt=\" Jessica Rosenworcel - Presidente interina da Federal Communications Commission (FCC) norte-americana\" width=\"511\" height=\"288\" \/><p class=\"wp-caption-text\"><em> Jessica Rosenworcel &#8211; Presidente interina da Federal Communications Commission (FCC) norte-americana<\/em><\/p><\/div>\n<p>A disponibiliza\u00e7\u00e3o de mais espectro em mid-band (banda m\u00e9dia), a diversifica\u00e7\u00e3o da cadeia de fornecedores a partir do\u00a0Open RAN\u00a0e a coleta nacional de dados sobre a qualidade da banda larga fixa s\u00e3o as principais\u00a0<strong>metas da agenda 5G dos EUA<\/strong>.<\/p>\n<p>O roteiro foi compartilhado pela presidente interina da Federal Communications Commission (FCC) norte-americana,\u00a0Jessica Rosenworcel, durante o programa ministerial do\u00a0<strong>MWC 2021<\/strong>, realizado em Barcelona (Espanha).<\/p>\n<p>A libera\u00e7\u00e3o de mais espectro em banda m\u00e9dia foi colocada no topo da lista de prioridades. &#8220;Para muitos consumidores o presente \u00e9 confuso, com operadoras provendo diferentes vers\u00f5es de 5G que \u00e0s vezes parecem o 4G. Isso ocorre em parte porque elas n\u00e3o t\u00eam a\u00a0<strong>banda m\u00e9dia necess\u00e1ria\u00a0<\/strong>para servi\u00e7os consistentes e abrangentes&#8221;, declarou Rosenworcel, na ocasi\u00e3o.<\/p>\n<p>Neste sentido, a chairwoman lembrou que um leil\u00e3o de\u00a0<strong>100 MHz<\/strong>\u00a0em 3,45-3,55 GHz est\u00e1 previsto para outubro, com expectativa de libera\u00e7\u00e3o das frequ\u00eancias at\u00e9 o fim do ano. Ainda em 2021 tamb\u00e9m est\u00e1 previsto o fim da limpeza (e consequente disponibiliza\u00e7\u00e3o) de um primeiro lote de 100 MHz que comp\u00f5e\u00a0<strong>a capacidade em banda C leiloada em fevereiro<\/strong>.<\/p>\n<p>Pensando nos pr\u00f3ximos passos, a FCC j\u00e1 estaria trabalhando com parceiros do governo federal para possibilitar a libera\u00e7\u00e3o futura da faixa de<strong>\u00a03,1-3,4 GHz<\/strong>\u00a0para o 5G. Antes disso, uma consulta p\u00fablica sobre 100 MHz em 2,5 GHz tamb\u00e9m est\u00e1 em curso.<\/p>\n<h2>Open RAN<\/h2>\n<p>A FCC tamb\u00e9m destacou as\u00a0<strong>redes de acesso com m\u00faltiplos fornecedores<\/strong>\u00a0como parte vital da estrat\u00e9gia. Para Rosenworcel, a tecnologia deve habilitar redes mais seguras e com menores custos, acelerando roll-outs..<\/p>\n<p>A dirigente notou que os EUA j\u00e1 est\u00e3o incentivando\u00a0operadoras a ouvirem diretamente dos vendors quais os benef\u00edcios do novo padr\u00e3o, al\u00e9m de apostar no crescimento acelerado nas receitas de fornecedores do segmento e da popula\u00e7\u00e3o atendida atrav\u00e9s do modelo.<\/p>\n<p>Por \u00faltimo, a FCC tamb\u00e9m manifestou desejo de ampliar a coleta de dados sobre a<strong>\u00a0performance de redes de banda larga fixa<\/strong>\u00a0do pa\u00eds. &#8220;N\u00e3o podemos gerenciar o que n\u00e3o conseguimos medir&#8221;, afirmou Roserworcel, destacando que uma for\u00e7a tarefa governamental foi criada para a fun\u00e7\u00e3o.<\/p>\n<p>Fonte: Teletime<\/p>\n","protected":false},"excerpt":{"rendered":"<p>A disponibiliza\u00e7\u00e3o de mais espectro em mid-band (banda m\u00e9dia), a diversifica\u00e7\u00e3o da cadeia de fornecedores a partir do\u00a0Open RAN\u00a0e a coleta nacional de dados sobre a qualidade da banda larga fixa s\u00e3o as principais\u00a0metas da agenda 5G dos EUA. O roteiro foi compartilhado pela presidente interina da Federal Communications Commission (FCC) norte-americana,\u00a0Jessica Rosenworcel, durante o [&hellip;]<\/p>\n","protected":false},"author":17,"featured_media":0,"comment_status":"open","ping_status":"open","sticky":false,"template":"","format":"standard","meta":{"_exactmetrics_skip_tracking":false,"_exactmetrics_sitenote_active":false,"_exactmetrics_sitenote_note":"","_exactmetrics_sitenote_category":0,"footnotes":""},"categories":[14,15],"tags":[],"yoast_head":"<!-- This site is optimized with the Yoast SEO plugin v21.7 - https:\/\/yoast.com\/wordpress\/plugins\/seo\/ -->\n<title>Mais espectro, Open RAN e desempenho das redes s\u00e3o prioridades em agenda 5G da FCC - ABTelecom<\/title>\n<meta name=\"robots\" content=\"index, follow, max-snippet:-1, max-image-preview:large, max-video-preview:-1\" \/>\n<link rel=\"canonical\" href=\"https:\/\/abtelecom.org.br\/site\/mais-espectro-open-ran-e-desempenho-das-redes-sao-prioridades-em-agenda-5g-da-fcc\/\" \/>\n<meta property=\"og:locale\" content=\"pt_BR\" \/>\n<meta property=\"og:type\" content=\"article\" \/>\n<meta property=\"og:title\" content=\"Mais espectro, Open RAN e desempenho das redes s\u00e3o prioridades em agenda 5G da FCC - ABTelecom\" \/>\n<meta property=\"og:description\" content=\"A disponibiliza\u00e7\u00e3o de mais espectro em mid-band (banda m\u00e9dia), a diversifica\u00e7\u00e3o da cadeia de fornecedores a partir do\u00a0Open RAN\u00a0e a coleta nacional de dados sobre a qualidade da banda larga fixa s\u00e3o as principais\u00a0metas da agenda 5G dos EUA. O roteiro foi compartilhado pela presidente interina da Federal Communications Commission (FCC) norte-americana,\u00a0Jessica Rosenworcel, durante o [&hellip;]\" \/>\n<meta property=\"og:url\" content=\"https:\/\/abtelecom.org.br\/site\/mais-espectro-open-ran-e-desempenho-das-redes-sao-prioridades-em-agenda-5g-da-fcc\/\" \/>\n<meta property=\"og:site_name\" content=\"ABTelecom\" \/>\n<meta property=\"article:published_time\" content=\"2021-06-30T20:51:45+00:00\" \/>\n<meta property=\"article:modified_time\" content=\"2021-06-30T20:53:17+00:00\" \/>\n<meta property=\"og:image\" content=\"https:\/\/abtelecom.org.br\/site\/wp-content\/uploads\/2021\/06\/Federal-Communications-Commission-FCC.jpg\" \/>\n\t<meta property=\"og:image:width\" content=\"580\" \/>\n\t<meta property=\"og:image:height\" content=\"387\" \/>\n\t<meta property=\"og:image:type\" content=\"image\/jpeg\" \/>\n<meta name=\"author\" content=\"abtelecom\" \/>\n<meta name=\"twitter:card\" content=\"summary_large_image\" \/>\n<meta name=\"twitter:label1\" content=\"Escrito por\" \/>\n\t<meta name=\"twitter:data1\" content=\"abtelecom\" \/>\n\t<meta name=\"twitter:label2\" content=\"Est. tempo de leitura\" \/>\n\t<meta name=\"twitter:data2\" content=\"2 minutos\" \/>\n<script type=\"application\/ld+json\" class=\"yoast-schema-graph\">{\"@context\":\"https:\/\/schema.org\",\"@graph\":[{\"@type\":\"WebPage\",\"@id\":\"https:\/\/abtelecom.org.br\/site\/mais-espectro-open-ran-e-desempenho-das-redes-sao-prioridades-em-agenda-5g-da-fcc\/\",\"url\":\"https:\/\/abtelecom.org.br\/site\/mais-espectro-open-ran-e-desempenho-das-redes-sao-prioridades-em-agenda-5g-da-fcc\/\",\"name\":\"Mais espectro, Open RAN e desempenho das redes s\u00e3o prioridades em agenda 5G da FCC - ABTelecom\",\"isPartOf\":{\"@id\":\"https:\/\/abtelecom.org.br\/site\/#website\"},\"datePublished\":\"2021-06-30T20:51:45+00:00\",\"dateModified\":\"2021-06-30T20:53:17+00:00\",\"author\":{\"@id\":\"https:\/\/abtelecom.org.br\/site\/#\/schema\/person\/b996fe85504afac90b0fe3a9fe27853e\"},\"breadcrumb\":{\"@id\":\"https:\/\/abtelecom.org.br\/site\/mais-espectro-open-ran-e-desempenho-das-redes-sao-prioridades-em-agenda-5g-da-fcc\/#breadcrumb\"},\"inLanguage\":\"pt-BR\",\"potentialAction\":[{\"@type\":\"ReadAction\",\"target\":[\"https:\/\/abtelecom.org.br\/site\/mais-espectro-open-ran-e-desempenho-das-redes-sao-prioridades-em-agenda-5g-da-fcc\/\"]}]},{\"@type\":\"BreadcrumbList\",\"@id\":\"https:\/\/abtelecom.org.br\/site\/mais-espectro-open-ran-e-desempenho-das-redes-sao-prioridades-em-agenda-5g-da-fcc\/#breadcrumb\",\"itemListElement\":[{\"@type\":\"ListItem\",\"position\":1,\"name\":\"In\u00edcio\",\"item\":\"https:\/\/abtelecom.org.br\/site\/\"},{\"@type\":\"ListItem\",\"position\":2,\"name\":\"Mais espectro, Open RAN e desempenho das redes s\u00e3o prioridades em agenda 5G da FCC\"}]},{\"@type\":\"WebSite\",\"@id\":\"https:\/\/abtelecom.org.br\/site\/#website\",\"url\":\"https:\/\/abtelecom.org.br\/site\/\",\"name\":\"ABTelecom\",\"description\":\"Associa\u00e7\u00e3o Brasileira de Telecomunica\u00e7\u00f5es\",\"potentialAction\":[{\"@type\":\"SearchAction\",\"target\":{\"@type\":\"EntryPoint\",\"urlTemplate\":\"https:\/\/abtelecom.org.br\/site\/?s={search_term_string}\"},\"query-input\":\"required name=search_term_string\"}],\"inLanguage\":\"pt-BR\"},{\"@type\":\"Person\",\"@id\":\"https:\/\/abtelecom.org.br\/site\/#\/schema\/person\/b996fe85504afac90b0fe3a9fe27853e\",\"name\":\"abtelecom\",\"image\":{\"@type\":\"ImageObject\",\"inLanguage\":\"pt-BR\",\"@id\":\"https:\/\/abtelecom.org.br\/site\/#\/schema\/person\/image\/\",\"url\":\"https:\/\/secure.gravatar.com\/avatar\/9e6049fbfcd4158f6e2001caac52725a?s=96&d=mm&r=g\",\"contentUrl\":\"https:\/\/secure.gravatar.com\/avatar\/9e6049fbfcd4158f6e2001caac52725a?s=96&d=mm&r=g\",\"caption\":\"abtelecom\"},\"url\":\"https:\/\/abtelecom.org.br\/site\/author\/abtelecom\/\"}]}<\/script>\n<!-- \/ Yoast SEO plugin. -->","yoast_head_json":{"title":"Mais espectro, Open RAN e desempenho das redes s\u00e3o prioridades em agenda 5G da FCC - ABTelecom","robots":{"index":"index","follow":"follow","max-snippet":"max-snippet:-1","max-image-preview":"max-image-preview:large","max-video-preview":"max-video-preview:-1"},"canonical":"https:\/\/abtelecom.org.br\/site\/mais-espectro-open-ran-e-desempenho-das-redes-sao-prioridades-em-agenda-5g-da-fcc\/","og_locale":"pt_BR","og_type":"article","og_title":"Mais espectro, Open RAN e desempenho das redes s\u00e3o prioridades em agenda 5G da FCC - ABTelecom","og_description":"A disponibiliza\u00e7\u00e3o de mais espectro em mid-band (banda m\u00e9dia), a diversifica\u00e7\u00e3o da cadeia de fornecedores a partir do\u00a0Open RAN\u00a0e a coleta nacional de dados sobre a qualidade da banda larga fixa s\u00e3o as principais\u00a0metas da agenda 5G dos EUA. O roteiro foi compartilhado pela presidente interina da Federal Communications Commission (FCC) norte-americana,\u00a0Jessica Rosenworcel, durante o [&hellip;]","og_url":"https:\/\/abtelecom.org.br\/site\/mais-espectro-open-ran-e-desempenho-das-redes-sao-prioridades-em-agenda-5g-da-fcc\/","og_site_name":"ABTelecom","article_published_time":"2021-06-30T20:51:45+00:00","article_modified_time":"2021-06-30T20:53:17+00:00","og_image":[{"width":580,"height":387,"url":"https:\/\/abtelecom.org.br\/site\/wp-content\/uploads\/2021\/06\/Federal-Communications-Commission-FCC.jpg","type":"image\/jpeg"}],"author":"abtelecom","twitter_card":"summary_large_image","twitter_misc":{"Escrito por":"abtelecom","Est. tempo de leitura":"2 minutos"},"schema":{"@context":"https:\/\/schema.org","@graph":[{"@type":"WebPage","@id":"https:\/\/abtelecom.org.br\/site\/mais-espectro-open-ran-e-desempenho-das-redes-sao-prioridades-em-agenda-5g-da-fcc\/","url":"https:\/\/abtelecom.org.br\/site\/mais-espectro-open-ran-e-desempenho-das-redes-sao-prioridades-em-agenda-5g-da-fcc\/","name":"Mais espectro, Open RAN e desempenho das redes s\u00e3o prioridades em agenda 5G da FCC - ABTelecom","isPartOf":{"@id":"https:\/\/abtelecom.org.br\/site\/#website"},"datePublished":"2021-06-30T20:51:45+00:00","dateModified":"2021-06-30T20:53:17+00:00","author":{"@id":"https:\/\/abtelecom.org.br\/site\/#\/schema\/person\/b996fe85504afac90b0fe3a9fe27853e"},"breadcrumb":{"@id":"https:\/\/abtelecom.org.br\/site\/mais-espectro-open-ran-e-desempenho-das-redes-sao-prioridades-em-agenda-5g-da-fcc\/#breadcrumb"},"inLanguage":"pt-BR","potentialAction":[{"@type":"ReadAction","target":["https:\/\/abtelecom.org.br\/site\/mais-espectro-open-ran-e-desempenho-das-redes-sao-prioridades-em-agenda-5g-da-fcc\/"]}]},{"@type":"BreadcrumbList","@id":"https:\/\/abtelecom.org.br\/site\/mais-espectro-open-ran-e-desempenho-das-redes-sao-prioridades-em-agenda-5g-da-fcc\/#breadcrumb","itemListElement":[{"@type":"ListItem","position":1,"name":"In\u00edcio","item":"https:\/\/abtelecom.org.br\/site\/"},{"@type":"ListItem","position":2,"name":"Mais espectro, Open RAN e desempenho das redes s\u00e3o prioridades em agenda 5G da FCC"}]},{"@type":"WebSite","@id":"https:\/\/abtelecom.org.br\/site\/#website","url":"https:\/\/abtelecom.org.br\/site\/","name":"ABTelecom","description":"Associa\u00e7\u00e3o Brasileira de Telecomunica\u00e7\u00f5es","potentialAction":[{"@type":"SearchAction","target":{"@type":"EntryPoint","urlTemplate":"https:\/\/abtelecom.org.br\/site\/?s={search_term_string}"},"query-input":"required name=search_term_string"}],"inLanguage":"pt-BR"},{"@type":"Person","@id":"https:\/\/abtelecom.org.br\/site\/#\/schema\/person\/b996fe85504afac90b0fe3a9fe27853e","name":"abtelecom","image":{"@type":"ImageObject","inLanguage":"pt-BR","@id":"https:\/\/abtelecom.org.br\/site\/#\/schema\/person\/image\/","url":"https:\/\/secure.gravatar.com\/avatar\/9e6049fbfcd4158f6e2001caac52725a?s=96&d=mm&r=g","contentUrl":"https:\/\/secure.gravatar.com\/avatar\/9e6049fbfcd4158f6e2001caac52725a?s=96&d=mm&r=g","caption":"abtelecom"},"url":"https:\/\/abtelecom.org.br\/site\/author\/abtelecom\/"}]}},"_links":{"self":[{"href":"https:\/\/abtelecom.org.br\/site\/wp-json\/wp\/v2\/posts\/1637"}],"collection":[{"href":"https:\/\/abtelecom.org.br\/site\/wp-json\/wp\/v2\/posts"}],"about":[{"href":"https:\/\/abtelecom.org.br\/site\/wp-json\/wp\/v2\/types\/post"}],"author":[{"embeddable":true,"href":"https:\/\/abtelecom.org.br\/site\/wp-json\/wp\/v2\/users\/17"}],"replies":[{"embeddable":true,"href":"https:\/\/abtelecom.org.br\/site\/wp-json\/wp\/v2\/comments?post=1637"}],"version-history":[{"count":0,"href":"https:\/\/abtelecom.org.br\/site\/wp-json\/wp\/v2\/posts\/1637\/revisions"}],"wp:attachment":[{"href":"https:\/\/abtelecom.org.br\/site\/wp-json\/wp\/v2\/media?parent=1637"}],"wp:term":[{"taxonomy":"category","embeddable":true,"href":"https:\/\/abtelecom.org.br\/site\/wp-json\/wp\/v2\/categories?post=1637"},{"taxonomy":"post_tag","embeddable":true,"href":"https:\/\/abtelecom.org.br\/site\/wp-json\/wp\/v2\/tags?post=1637"}],"curies":[{"name":"wp","href":"https:\/\/api.w.org\/{rel}","templated":true}]}}