{"id":1670,"date":"2021-11-05T19:17:07","date_gmt":"2021-11-05T22:17:07","guid":{"rendered":"https:\/\/abtelecom.org.br\/site\/?p=1670"},"modified":"2021-11-05T19:17:07","modified_gmt":"2021-11-05T22:17:07","slug":"leilao-da-tecnologia-de-quinta-geracao-alcanca-r-472-bilhoes","status":"publish","type":"post","link":"https:\/\/abtelecom.org.br\/site\/leilao-da-tecnologia-de-quinta-geracao-alcanca-r-472-bilhoes\/","title":{"rendered":"Leil\u00e3o da tecnologia de quinta gera\u00e7\u00e3o alcan\u00e7a R$ 47,2 bilh\u00f5es"},"content":{"rendered":"<h3 class=\"documentDescription\">Licita\u00e7\u00e3o \u00e9 a maior oferta de espectro da Am\u00e9rica Latina<\/h3>\n<div><\/div>\n<div id=\"viewlet-above-content-body\">\u00a0A Ag\u00eancia Nacional de Telecomunica\u00e7\u00f5es (Anatel) encerrou nesta sexta-feira, (5\/11) a etapa de abertura, an\u00e1lise e julgamento de propostas de pre\u00e7o da licita\u00e7\u00e3o das radiofrequ\u00eancias nas faixas de 700 MHz, 2,3 GHz, 3,5 GHz e 26 GHz, o Leil\u00e3o do 5G. Maior oferta de espectro da hist\u00f3ria da Anatel, a licita\u00e7\u00e3o proporcionar\u00e1 recursos de espectro para que as prestadoras possam expandir suas redes. Os lotes arrecadados somam R$ 47,2 bilh\u00f5es, conforme detalhado na imagem a seguir.<\/div>\n<div><\/div>\n<div><img decoding=\"async\" src=\"https:\/\/www.gov.br\/anatel\/pt-br\/assuntos\/noticias\/leilao-da-tecnologia-de-quinta-geracao-alcanca-r-47-2-bilhoes\/slide10.png\" alt=\"Resumo do Leil\u00e3o do 5G\" \/><\/div>\n<div><\/div>\n<div>\n<p>Ao final da sess\u00e3o, em entrevista coletiva de imprensa, foi realizada\u00a0<a class=\"external-link\" title=\"\" href=\"https:\/\/sistemas.anatel.gov.br\/anexar-api\/publico\/anexos\/download\/8640e5ee7596164498004506dfeebdfd\" target=\"_self\" data-tippreview-enabled=\"false\" data-tippreview-image=\"\" data-tippreview-title=\"\" rel=\"noopener\">apresenta\u00e7\u00e3o\u00a0<\/a>com os resultados para cada faixa de frequ\u00eancia licitada.<\/p>\n<p>O ministro das Comunica\u00e7\u00f5es, F\u00e1bio Faria, destacou que a licita\u00e7\u00e3o teve \u00e1gio de R$ 4,79 bilh\u00f5es e informou que os lotes ainda n\u00e3o arrecadados poder\u00e3o ser novamente colocados \u00e0 venda. Segundo ele, em breve a Anatel poder\u00e1 realizar outro leil\u00e3o e \u201cvai ultrapassar em muito os R$ 50 bilh\u00f5es que estavam previstos porque ainda deve ter entre R$ 7 bilh\u00f5es e R$ 8 bilh\u00f5es que ser\u00e3o comercializados\u201d.<\/p>\n<p>Praticamente todos os lotes das faixas de 700 MHz, 2,3 GHz e 3,5 GHz foram arrematados na primeira sess\u00e3o de an\u00e1lise de propostas, realizada ontem (4\/11). Segundo o presidente da Comiss\u00e3o Especial de Licita\u00e7\u00e3o e superintendente de Competi\u00e7\u00e3o da Ag\u00eancia, Abra\u00e3o Balbino e Silva, essas faixas \u201cs\u00e3o as que, de fato, t\u00eam a necessidade mais urgente para a comercializa\u00e7\u00e3o de servi\u00e7os\u201d.<\/p>\n<p>Sobre a faixa de 26 GHZ, licitada nesta sexta-feira, o superintendente explicou, com a oferta de mais espectro, naturalmente houve quantidade maior n\u00famero de lotes n\u00e3o arrematados. \u201cN\u00e3o h\u00e1 qualquer tipo de escassez de espectro nessa faixa e foram assumidos diversos compromissos; se a gente pegar apenas os relativos \u00e0 educa\u00e7\u00e3o, o leil\u00e3o vai destinar R$ 3,1 bilh\u00f5es para conectar escolas de ensino b\u00e1sico\u201d, afirmou.<\/p>\n<p>Abra\u00e3o destacou, ainda, que este \u00e9 maior leil\u00e3o relativo a telecomunica\u00e7\u00f5es realizado na Am\u00e9rica Latina. \u201cNunca tivemos um leil\u00e3o com tamanho volume econ\u00f4mico envolvido: a privatiza\u00e7\u00e3o n\u00e3o rendeu isso, o 3G n\u00e3o rendeu isso, o 4G n\u00e3o rendeu isso. Se somarmos todas essas licita\u00e7\u00f5es, ainda n\u00e3o temos o que este leil\u00e3o est\u00e1 movimentando em termos de valor econ\u00f4mico. De fato, n\u00f3s consideramos esse leil\u00e3o bem-sucedido em todas as perspectivas poss\u00edveis\u201d, resumiu.<\/p>\n<p>Embora nem todos os lotes tenham sido comercializados, todas as obriga\u00e7\u00f5es de cobertura foram contratadas, ou seja, todos os compromissos previamente definidos foram assumidos pelas proponentes vencedoras.<\/p>\n<p>Em rela\u00e7\u00e3o aos lotes n\u00e3o arrematados, Abra\u00e3o esclareceu que \u201ca Anatel n\u00e3o dimensionou o leil\u00e3o na perspectiva de lotes vendidos e lotes n\u00e3o vendidos. N\u00f3s dimensionamos o resultado de acordo com o valor econ\u00f4mico disponibilizado e aquilo que de fato foi arrematado. Alcan\u00e7amos um \u00edndice de mais de 85% de contrata\u00e7\u00e3o daquilo que foi colocado \u00e0 venda\u201d.<\/p>\n<p>Na pr\u00f3xima semana, a Ag\u00eancia realizar\u00e1 sess\u00e3o de convers\u00e3o de \u00e1gio em obriga\u00e7\u00f5es. \u201cN\u00e3o necessariamente todo o \u00e1gio do leil\u00e3o ir\u00e1 para obriga\u00e7\u00f5es. Se pegarmos o valor de outorga mais \u00e1gio seriam R$ 7,4 bilh\u00f5es, sendo que, desse total, cerca de R$ 5 bilh\u00f5es podem ser convertidos em obriga\u00e7\u00f5es, mas nem tudo, porque tivemos um \u00e1gio muito acima da expectativa. Ent\u00e3o, ainda n\u00e3o conseguimos dizer neste momento quanto vai para o Tesouro\u201d, concluiu o superintendente.<\/p>\n<p>&nbsp;<\/p>\n<p>Fonte: ANATEL<\/p>\n<\/div>\n","protected":false},"excerpt":{"rendered":"<p>Licita\u00e7\u00e3o \u00e9 a maior oferta de espectro da Am\u00e9rica Latina \u00a0A Ag\u00eancia Nacional de Telecomunica\u00e7\u00f5es (Anatel) encerrou nesta sexta-feira, (5\/11) a etapa de abertura, an\u00e1lise e julgamento de propostas de pre\u00e7o da licita\u00e7\u00e3o das radiofrequ\u00eancias nas faixas de 700 MHz, 2,3 GHz, 3,5 GHz e 26 GHz, o Leil\u00e3o do 5G. Maior oferta de espectro [&hellip;]<\/p>\n","protected":false},"author":17,"featured_media":0,"comment_status":"open","ping_status":"open","sticky":false,"template":"","format":"standard","meta":{"_exactmetrics_skip_tracking":false,"_exactmetrics_sitenote_active":false,"_exactmetrics_sitenote_note":"","_exactmetrics_sitenote_category":0,"footnotes":""},"categories":[14,15],"tags":[],"yoast_head":"<!-- This site is optimized with the Yoast SEO plugin v21.7 - https:\/\/yoast.com\/wordpress\/plugins\/seo\/ -->\n<title>Leil\u00e3o da tecnologia de quinta gera\u00e7\u00e3o alcan\u00e7a R$ 47,2 bilh\u00f5es - ABTelecom<\/title>\n<meta name=\"robots\" content=\"index, follow, max-snippet:-1, max-image-preview:large, max-video-preview:-1\" \/>\n<link rel=\"canonical\" href=\"https:\/\/abtelecom.org.br\/site\/leilao-da-tecnologia-de-quinta-geracao-alcanca-r-472-bilhoes\/\" \/>\n<meta property=\"og:locale\" content=\"pt_BR\" \/>\n<meta property=\"og:type\" content=\"article\" \/>\n<meta property=\"og:title\" content=\"Leil\u00e3o da tecnologia de quinta gera\u00e7\u00e3o alcan\u00e7a R$ 47,2 bilh\u00f5es - ABTelecom\" \/>\n<meta property=\"og:description\" content=\"Licita\u00e7\u00e3o \u00e9 a maior oferta de espectro da Am\u00e9rica Latina \u00a0A Ag\u00eancia Nacional de Telecomunica\u00e7\u00f5es (Anatel) encerrou nesta sexta-feira, (5\/11) a etapa de abertura, an\u00e1lise e julgamento de propostas de pre\u00e7o da licita\u00e7\u00e3o das radiofrequ\u00eancias nas faixas de 700 MHz, 2,3 GHz, 3,5 GHz e 26 GHz, o Leil\u00e3o do 5G. Maior oferta de espectro [&hellip;]\" \/>\n<meta property=\"og:url\" content=\"https:\/\/abtelecom.org.br\/site\/leilao-da-tecnologia-de-quinta-geracao-alcanca-r-472-bilhoes\/\" \/>\n<meta property=\"og:site_name\" content=\"ABTelecom\" \/>\n<meta property=\"article:published_time\" content=\"2021-11-05T22:17:07+00:00\" \/>\n<meta property=\"og:image\" content=\"https:\/\/abtelecom.org.br\/site\/wp-content\/uploads\/2021\/11\/Leilao-da-tecnologia-de-quinta-geracao-alcanca-R-472-bilhoes.jpeg\" \/>\n\t<meta property=\"og:image:width\" content=\"768\" \/>\n\t<meta property=\"og:image:height\" content=\"440\" \/>\n\t<meta property=\"og:image:type\" content=\"image\/jpeg\" \/>\n<meta name=\"author\" content=\"abtelecom\" \/>\n<meta name=\"twitter:card\" content=\"summary_large_image\" \/>\n<meta name=\"twitter:label1\" content=\"Escrito por\" \/>\n\t<meta name=\"twitter:data1\" content=\"abtelecom\" \/>\n\t<meta name=\"twitter:label2\" content=\"Est. tempo de leitura\" \/>\n\t<meta name=\"twitter:data2\" content=\"3 minutos\" \/>\n<script type=\"application\/ld+json\" class=\"yoast-schema-graph\">{\"@context\":\"https:\/\/schema.org\",\"@graph\":[{\"@type\":\"WebPage\",\"@id\":\"https:\/\/abtelecom.org.br\/site\/leilao-da-tecnologia-de-quinta-geracao-alcanca-r-472-bilhoes\/\",\"url\":\"https:\/\/abtelecom.org.br\/site\/leilao-da-tecnologia-de-quinta-geracao-alcanca-r-472-bilhoes\/\",\"name\":\"Leil\u00e3o da tecnologia de quinta gera\u00e7\u00e3o alcan\u00e7a R$ 47,2 bilh\u00f5es - ABTelecom\",\"isPartOf\":{\"@id\":\"https:\/\/abtelecom.org.br\/site\/#website\"},\"datePublished\":\"2021-11-05T22:17:07+00:00\",\"dateModified\":\"2021-11-05T22:17:07+00:00\",\"author\":{\"@id\":\"https:\/\/abtelecom.org.br\/site\/#\/schema\/person\/b996fe85504afac90b0fe3a9fe27853e\"},\"breadcrumb\":{\"@id\":\"https:\/\/abtelecom.org.br\/site\/leilao-da-tecnologia-de-quinta-geracao-alcanca-r-472-bilhoes\/#breadcrumb\"},\"inLanguage\":\"pt-BR\",\"potentialAction\":[{\"@type\":\"ReadAction\",\"target\":[\"https:\/\/abtelecom.org.br\/site\/leilao-da-tecnologia-de-quinta-geracao-alcanca-r-472-bilhoes\/\"]}]},{\"@type\":\"BreadcrumbList\",\"@id\":\"https:\/\/abtelecom.org.br\/site\/leilao-da-tecnologia-de-quinta-geracao-alcanca-r-472-bilhoes\/#breadcrumb\",\"itemListElement\":[{\"@type\":\"ListItem\",\"position\":1,\"name\":\"In\u00edcio\",\"item\":\"https:\/\/abtelecom.org.br\/site\/\"},{\"@type\":\"ListItem\",\"position\":2,\"name\":\"Leil\u00e3o da tecnologia de quinta gera\u00e7\u00e3o alcan\u00e7a R$ 47,2 bilh\u00f5es\"}]},{\"@type\":\"WebSite\",\"@id\":\"https:\/\/abtelecom.org.br\/site\/#website\",\"url\":\"https:\/\/abtelecom.org.br\/site\/\",\"name\":\"ABTelecom\",\"description\":\"Associa\u00e7\u00e3o Brasileira de Telecomunica\u00e7\u00f5es\",\"potentialAction\":[{\"@type\":\"SearchAction\",\"target\":{\"@type\":\"EntryPoint\",\"urlTemplate\":\"https:\/\/abtelecom.org.br\/site\/?s={search_term_string}\"},\"query-input\":\"required name=search_term_string\"}],\"inLanguage\":\"pt-BR\"},{\"@type\":\"Person\",\"@id\":\"https:\/\/abtelecom.org.br\/site\/#\/schema\/person\/b996fe85504afac90b0fe3a9fe27853e\",\"name\":\"abtelecom\",\"image\":{\"@type\":\"ImageObject\",\"inLanguage\":\"pt-BR\",\"@id\":\"https:\/\/abtelecom.org.br\/site\/#\/schema\/person\/image\/\",\"url\":\"https:\/\/secure.gravatar.com\/avatar\/9e6049fbfcd4158f6e2001caac52725a?s=96&d=mm&r=g\",\"contentUrl\":\"https:\/\/secure.gravatar.com\/avatar\/9e6049fbfcd4158f6e2001caac52725a?s=96&d=mm&r=g\",\"caption\":\"abtelecom\"},\"url\":\"https:\/\/abtelecom.org.br\/site\/author\/abtelecom\/\"}]}<\/script>\n<!-- \/ Yoast SEO plugin. -->","yoast_head_json":{"title":"Leil\u00e3o da tecnologia de quinta gera\u00e7\u00e3o alcan\u00e7a R$ 47,2 bilh\u00f5es - ABTelecom","robots":{"index":"index","follow":"follow","max-snippet":"max-snippet:-1","max-image-preview":"max-image-preview:large","max-video-preview":"max-video-preview:-1"},"canonical":"https:\/\/abtelecom.org.br\/site\/leilao-da-tecnologia-de-quinta-geracao-alcanca-r-472-bilhoes\/","og_locale":"pt_BR","og_type":"article","og_title":"Leil\u00e3o da tecnologia de quinta gera\u00e7\u00e3o alcan\u00e7a R$ 47,2 bilh\u00f5es - ABTelecom","og_description":"Licita\u00e7\u00e3o \u00e9 a maior oferta de espectro da Am\u00e9rica Latina \u00a0A Ag\u00eancia Nacional de Telecomunica\u00e7\u00f5es (Anatel) encerrou nesta sexta-feira, (5\/11) a etapa de abertura, an\u00e1lise e julgamento de propostas de pre\u00e7o da licita\u00e7\u00e3o das radiofrequ\u00eancias nas faixas de 700 MHz, 2,3 GHz, 3,5 GHz e 26 GHz, o Leil\u00e3o do 5G. Maior oferta de espectro [&hellip;]","og_url":"https:\/\/abtelecom.org.br\/site\/leilao-da-tecnologia-de-quinta-geracao-alcanca-r-472-bilhoes\/","og_site_name":"ABTelecom","article_published_time":"2021-11-05T22:17:07+00:00","og_image":[{"width":768,"height":440,"url":"https:\/\/abtelecom.org.br\/site\/wp-content\/uploads\/2021\/11\/Leilao-da-tecnologia-de-quinta-geracao-alcanca-R-472-bilhoes.jpeg","type":"image\/jpeg"}],"author":"abtelecom","twitter_card":"summary_large_image","twitter_misc":{"Escrito por":"abtelecom","Est. tempo de leitura":"3 minutos"},"schema":{"@context":"https:\/\/schema.org","@graph":[{"@type":"WebPage","@id":"https:\/\/abtelecom.org.br\/site\/leilao-da-tecnologia-de-quinta-geracao-alcanca-r-472-bilhoes\/","url":"https:\/\/abtelecom.org.br\/site\/leilao-da-tecnologia-de-quinta-geracao-alcanca-r-472-bilhoes\/","name":"Leil\u00e3o da tecnologia de quinta gera\u00e7\u00e3o alcan\u00e7a R$ 47,2 bilh\u00f5es - ABTelecom","isPartOf":{"@id":"https:\/\/abtelecom.org.br\/site\/#website"},"datePublished":"2021-11-05T22:17:07+00:00","dateModified":"2021-11-05T22:17:07+00:00","author":{"@id":"https:\/\/abtelecom.org.br\/site\/#\/schema\/person\/b996fe85504afac90b0fe3a9fe27853e"},"breadcrumb":{"@id":"https:\/\/abtelecom.org.br\/site\/leilao-da-tecnologia-de-quinta-geracao-alcanca-r-472-bilhoes\/#breadcrumb"},"inLanguage":"pt-BR","potentialAction":[{"@type":"ReadAction","target":["https:\/\/abtelecom.org.br\/site\/leilao-da-tecnologia-de-quinta-geracao-alcanca-r-472-bilhoes\/"]}]},{"@type":"BreadcrumbList","@id":"https:\/\/abtelecom.org.br\/site\/leilao-da-tecnologia-de-quinta-geracao-alcanca-r-472-bilhoes\/#breadcrumb","itemListElement":[{"@type":"ListItem","position":1,"name":"In\u00edcio","item":"https:\/\/abtelecom.org.br\/site\/"},{"@type":"ListItem","position":2,"name":"Leil\u00e3o da tecnologia de quinta gera\u00e7\u00e3o alcan\u00e7a R$ 47,2 bilh\u00f5es"}]},{"@type":"WebSite","@id":"https:\/\/abtelecom.org.br\/site\/#website","url":"https:\/\/abtelecom.org.br\/site\/","name":"ABTelecom","description":"Associa\u00e7\u00e3o Brasileira de Telecomunica\u00e7\u00f5es","potentialAction":[{"@type":"SearchAction","target":{"@type":"EntryPoint","urlTemplate":"https:\/\/abtelecom.org.br\/site\/?s={search_term_string}"},"query-input":"required name=search_term_string"}],"inLanguage":"pt-BR"},{"@type":"Person","@id":"https:\/\/abtelecom.org.br\/site\/#\/schema\/person\/b996fe85504afac90b0fe3a9fe27853e","name":"abtelecom","image":{"@type":"ImageObject","inLanguage":"pt-BR","@id":"https:\/\/abtelecom.org.br\/site\/#\/schema\/person\/image\/","url":"https:\/\/secure.gravatar.com\/avatar\/9e6049fbfcd4158f6e2001caac52725a?s=96&d=mm&r=g","contentUrl":"https:\/\/secure.gravatar.com\/avatar\/9e6049fbfcd4158f6e2001caac52725a?s=96&d=mm&r=g","caption":"abtelecom"},"url":"https:\/\/abtelecom.org.br\/site\/author\/abtelecom\/"}]}},"_links":{"self":[{"href":"https:\/\/abtelecom.org.br\/site\/wp-json\/wp\/v2\/posts\/1670"}],"collection":[{"href":"https:\/\/abtelecom.org.br\/site\/wp-json\/wp\/v2\/posts"}],"about":[{"href":"https:\/\/abtelecom.org.br\/site\/wp-json\/wp\/v2\/types\/post"}],"author":[{"embeddable":true,"href":"https:\/\/abtelecom.org.br\/site\/wp-json\/wp\/v2\/users\/17"}],"replies":[{"embeddable":true,"href":"https:\/\/abtelecom.org.br\/site\/wp-json\/wp\/v2\/comments?post=1670"}],"version-history":[{"count":0,"href":"https:\/\/abtelecom.org.br\/site\/wp-json\/wp\/v2\/posts\/1670\/revisions"}],"wp:attachment":[{"href":"https:\/\/abtelecom.org.br\/site\/wp-json\/wp\/v2\/media?parent=1670"}],"wp:term":[{"taxonomy":"category","embeddable":true,"href":"https:\/\/abtelecom.org.br\/site\/wp-json\/wp\/v2\/categories?post=1670"},{"taxonomy":"post_tag","embeddable":true,"href":"https:\/\/abtelecom.org.br\/site\/wp-json\/wp\/v2\/tags?post=1670"}],"curies":[{"name":"wp","href":"https:\/\/api.w.org\/{rel}","templated":true}]}}