{"id":2207,"date":"2023-06-21T17:06:56","date_gmt":"2023-06-21T20:06:56","guid":{"rendered":"https:\/\/abtelecom.org.br\/site\/?p=2207"},"modified":"2023-06-21T17:09:15","modified_gmt":"2023-06-21T20:09:15","slug":"lista-anatel-5g","status":"publish","type":"post","link":"https:\/\/abtelecom.org.br\/site\/lista-anatel-5g\/","title":{"rendered":"Anatel libera 3,5 GHz para 5G em mais 187 cidades; veja lista completa"},"content":{"rendered":"<p>Como\u00a0<strong>apontado por TELETIME no \u00faltimo dia 13<\/strong>, a faixa de 3,5 GHz foi\u00a0<strong>liberada para ativa\u00e7\u00e3o de servi\u00e7os\u00a05G\u00a0em mais 187 cidades brasileiras<\/strong>. A \u00edntegra das localidades que ter\u00e3o o espectro dispon\u00edvel a partir do pr\u00f3ximo dia 26 de junho pode ser acessada\u00a0<strong><a href=\"https:\/\/teletime.com.br\/wp-content\/uploads\/2023\/06\/Cidades-com-35-GHz-liberado-em-21-de-junho-Pagina2.pdf\" target=\"_blank\" rel=\"noreferrer noopener follow\" data-wpel-link=\"internal\">aqui<\/a><\/strong>.<\/p>\n<p>A delibera\u00e7\u00e3o que confirmou a libera\u00e7\u00e3o da faixa foi realizada nesta quarta-feira, 21, pelo\u00a0<strong>Gaispi\u00a0<\/strong>(o grupo de acompanhamento do 3,5 GHz). Com a decis\u00e3o, todos os\u00a0<strong><a href=\"https:\/\/teletime.com.br\/15\/05\/2023\/gaispi-deve-liberar-mais-cidades-para-5g-com-428-municipios-menores-do-que-30-mil-habitantes\/\" target=\"_blank\" rel=\"noreferrer noopener follow\" data-wpel-link=\"internal\">1.610 munic\u00edpios que tinham previs\u00e3o<\/a><\/strong>\u00a0de serem liberados at\u00e9 o final do m\u00eas de junho passam a ter o 3,5 GHz dispon\u00edvel para utiliza\u00e7\u00e3o por esta\u00e7\u00f5es do 5G standalone, perfazendo o total de 141 milh\u00f5es de brasileiros \u2013 o que corresponde a\u00a0<strong>66,4% da popula\u00e7\u00e3o<\/strong>\u00a0do Brasil.<\/p>\n<p>Segundo a Anatel,\u00a0<strong>a partir do m\u00eas de julho mais cidades poder\u00e3o ter a faixa liberada de forma antecipada<\/strong>, conforme avancem as a\u00e7\u00f5es da Entidade Administradora da Faixa de 3,5 GHz (EAF).<\/p>\n<p>A ag\u00eancia tamb\u00e9m ressalta que a libera\u00e7\u00e3o da faixa\u00a0<strong>n\u00e3o significa que redes do 5G ser\u00e3o instaladas de imediato\u00a0<\/strong>nas localidades: a instala\u00e7\u00e3o antecipada de esta\u00e7\u00f5es de quinta gera\u00e7\u00e3o nessas cidades depende do planejamento individual de cada prestadora.<\/p>\n<p>A decis\u00e3o tomada pelo Gaispi segue diretrizes do Edital do 5G e abrange munic\u00edpios onde a EAF j\u00e1 iniciou a migra\u00e7\u00e3o da recep\u00e7\u00e3o do sinal de televis\u00e3o aberta e gratuita por meio de antenas parab\u00f3licas na banda C satelital para a banda Ku e concluiu as a\u00e7\u00f5es necess\u00e1rias para a desocupa\u00e7\u00e3o desta faixa por sistemas do Servi\u00e7o Fixo por Sat\u00e9lite (FSS), tendo instalado os filtros para a mitiga\u00e7\u00e3o de interfer\u00eancias em todas as esta\u00e7\u00f5es do FSS impactadas.<\/p>\n<p>Fonte:\u00a0 Teletime<\/p>\n","protected":false},"excerpt":{"rendered":"<p>Como\u00a0apontado por TELETIME no \u00faltimo dia 13, a faixa de 3,5 GHz foi\u00a0liberada para ativa\u00e7\u00e3o de servi\u00e7os\u00a05G\u00a0em mais 187 cidades brasileiras. A \u00edntegra das localidades que ter\u00e3o o espectro dispon\u00edvel a partir do pr\u00f3ximo dia 26 de junho pode ser acessada\u00a0aqui. A delibera\u00e7\u00e3o que confirmou a libera\u00e7\u00e3o da faixa foi realizada nesta quarta-feira, 21, pelo\u00a0Gaispi\u00a0(o [&hellip;]<\/p>\n","protected":false},"author":17,"featured_media":0,"comment_status":"open","ping_status":"open","sticky":false,"template":"","format":"standard","meta":{"_exactmetrics_skip_tracking":false,"_exactmetrics_sitenote_active":false,"_exactmetrics_sitenote_note":"","_exactmetrics_sitenote_category":0,"footnotes":""},"categories":[14,15],"tags":[],"yoast_head":"<!-- This site is optimized with the Yoast SEO plugin v21.7 - https:\/\/yoast.com\/wordpress\/plugins\/seo\/ -->\n<title>Anatel libera 3,5 GHz para 5G em mais 187 cidades; veja lista completa - ABTelecom<\/title>\n<meta name=\"robots\" content=\"index, follow, max-snippet:-1, max-image-preview:large, max-video-preview:-1\" \/>\n<link rel=\"canonical\" href=\"https:\/\/abtelecom.org.br\/site\/lista-anatel-5g\/\" \/>\n<meta property=\"og:locale\" content=\"pt_BR\" \/>\n<meta property=\"og:type\" content=\"article\" \/>\n<meta property=\"og:title\" content=\"Anatel libera 3,5 GHz para 5G em mais 187 cidades; veja lista completa - ABTelecom\" \/>\n<meta property=\"og:description\" content=\"Como\u00a0apontado por TELETIME no \u00faltimo dia 13, a faixa de 3,5 GHz foi\u00a0liberada para ativa\u00e7\u00e3o de servi\u00e7os\u00a05G\u00a0em mais 187 cidades brasileiras. A \u00edntegra das localidades que ter\u00e3o o espectro dispon\u00edvel a partir do pr\u00f3ximo dia 26 de junho pode ser acessada\u00a0aqui. A delibera\u00e7\u00e3o que confirmou a libera\u00e7\u00e3o da faixa foi realizada nesta quarta-feira, 21, pelo\u00a0Gaispi\u00a0(o [&hellip;]\" \/>\n<meta property=\"og:url\" content=\"https:\/\/abtelecom.org.br\/site\/lista-anatel-5g\/\" \/>\n<meta property=\"og:site_name\" content=\"ABTelecom\" \/>\n<meta property=\"article:published_time\" content=\"2023-06-21T20:06:56+00:00\" \/>\n<meta property=\"article:modified_time\" content=\"2023-06-21T20:09:15+00:00\" \/>\n<meta property=\"og:image\" content=\"https:\/\/abtelecom.org.br\/site\/wp-content\/uploads\/2023\/06\/espectro.jpg\" \/>\n\t<meta property=\"og:image:width\" content=\"696\" \/>\n\t<meta property=\"og:image:height\" content=\"434\" \/>\n\t<meta property=\"og:image:type\" content=\"image\/jpeg\" \/>\n<meta name=\"author\" content=\"abtelecom\" \/>\n<meta name=\"twitter:card\" content=\"summary_large_image\" \/>\n<meta name=\"twitter:label1\" content=\"Escrito por\" \/>\n\t<meta name=\"twitter:data1\" content=\"abtelecom\" \/>\n\t<meta name=\"twitter:label2\" content=\"Est. tempo de leitura\" \/>\n\t<meta name=\"twitter:data2\" content=\"2 minutos\" \/>\n<script type=\"application\/ld+json\" class=\"yoast-schema-graph\">{\"@context\":\"https:\/\/schema.org\",\"@graph\":[{\"@type\":\"WebPage\",\"@id\":\"https:\/\/abtelecom.org.br\/site\/lista-anatel-5g\/\",\"url\":\"https:\/\/abtelecom.org.br\/site\/lista-anatel-5g\/\",\"name\":\"Anatel libera 3,5 GHz para 5G em mais 187 cidades; veja lista completa - ABTelecom\",\"isPartOf\":{\"@id\":\"https:\/\/abtelecom.org.br\/site\/#website\"},\"datePublished\":\"2023-06-21T20:06:56+00:00\",\"dateModified\":\"2023-06-21T20:09:15+00:00\",\"author\":{\"@id\":\"https:\/\/abtelecom.org.br\/site\/#\/schema\/person\/b996fe85504afac90b0fe3a9fe27853e\"},\"breadcrumb\":{\"@id\":\"https:\/\/abtelecom.org.br\/site\/lista-anatel-5g\/#breadcrumb\"},\"inLanguage\":\"pt-BR\",\"potentialAction\":[{\"@type\":\"ReadAction\",\"target\":[\"https:\/\/abtelecom.org.br\/site\/lista-anatel-5g\/\"]}]},{\"@type\":\"BreadcrumbList\",\"@id\":\"https:\/\/abtelecom.org.br\/site\/lista-anatel-5g\/#breadcrumb\",\"itemListElement\":[{\"@type\":\"ListItem\",\"position\":1,\"name\":\"In\u00edcio\",\"item\":\"https:\/\/abtelecom.org.br\/site\/\"},{\"@type\":\"ListItem\",\"position\":2,\"name\":\"Anatel libera 3,5 GHz para 5G em mais 187 cidades; veja lista completa\"}]},{\"@type\":\"WebSite\",\"@id\":\"https:\/\/abtelecom.org.br\/site\/#website\",\"url\":\"https:\/\/abtelecom.org.br\/site\/\",\"name\":\"ABTelecom\",\"description\":\"Associa\u00e7\u00e3o Brasileira de Telecomunica\u00e7\u00f5es\",\"potentialAction\":[{\"@type\":\"SearchAction\",\"target\":{\"@type\":\"EntryPoint\",\"urlTemplate\":\"https:\/\/abtelecom.org.br\/site\/?s={search_term_string}\"},\"query-input\":\"required name=search_term_string\"}],\"inLanguage\":\"pt-BR\"},{\"@type\":\"Person\",\"@id\":\"https:\/\/abtelecom.org.br\/site\/#\/schema\/person\/b996fe85504afac90b0fe3a9fe27853e\",\"name\":\"abtelecom\",\"image\":{\"@type\":\"ImageObject\",\"inLanguage\":\"pt-BR\",\"@id\":\"https:\/\/abtelecom.org.br\/site\/#\/schema\/person\/image\/\",\"url\":\"https:\/\/secure.gravatar.com\/avatar\/9e6049fbfcd4158f6e2001caac52725a?s=96&d=mm&r=g\",\"contentUrl\":\"https:\/\/secure.gravatar.com\/avatar\/9e6049fbfcd4158f6e2001caac52725a?s=96&d=mm&r=g\",\"caption\":\"abtelecom\"},\"url\":\"https:\/\/abtelecom.org.br\/site\/author\/abtelecom\/\"}]}<\/script>\n<!-- \/ Yoast SEO plugin. -->","yoast_head_json":{"title":"Anatel libera 3,5 GHz para 5G em mais 187 cidades; veja lista completa - ABTelecom","robots":{"index":"index","follow":"follow","max-snippet":"max-snippet:-1","max-image-preview":"max-image-preview:large","max-video-preview":"max-video-preview:-1"},"canonical":"https:\/\/abtelecom.org.br\/site\/lista-anatel-5g\/","og_locale":"pt_BR","og_type":"article","og_title":"Anatel libera 3,5 GHz para 5G em mais 187 cidades; veja lista completa - ABTelecom","og_description":"Como\u00a0apontado por TELETIME no \u00faltimo dia 13, a faixa de 3,5 GHz foi\u00a0liberada para ativa\u00e7\u00e3o de servi\u00e7os\u00a05G\u00a0em mais 187 cidades brasileiras. A \u00edntegra das localidades que ter\u00e3o o espectro dispon\u00edvel a partir do pr\u00f3ximo dia 26 de junho pode ser acessada\u00a0aqui. A delibera\u00e7\u00e3o que confirmou a libera\u00e7\u00e3o da faixa foi realizada nesta quarta-feira, 21, pelo\u00a0Gaispi\u00a0(o [&hellip;]","og_url":"https:\/\/abtelecom.org.br\/site\/lista-anatel-5g\/","og_site_name":"ABTelecom","article_published_time":"2023-06-21T20:06:56+00:00","article_modified_time":"2023-06-21T20:09:15+00:00","og_image":[{"width":696,"height":434,"url":"https:\/\/abtelecom.org.br\/site\/wp-content\/uploads\/2023\/06\/espectro.jpg","type":"image\/jpeg"}],"author":"abtelecom","twitter_card":"summary_large_image","twitter_misc":{"Escrito por":"abtelecom","Est. tempo de leitura":"2 minutos"},"schema":{"@context":"https:\/\/schema.org","@graph":[{"@type":"WebPage","@id":"https:\/\/abtelecom.org.br\/site\/lista-anatel-5g\/","url":"https:\/\/abtelecom.org.br\/site\/lista-anatel-5g\/","name":"Anatel libera 3,5 GHz para 5G em mais 187 cidades; veja lista completa - ABTelecom","isPartOf":{"@id":"https:\/\/abtelecom.org.br\/site\/#website"},"datePublished":"2023-06-21T20:06:56+00:00","dateModified":"2023-06-21T20:09:15+00:00","author":{"@id":"https:\/\/abtelecom.org.br\/site\/#\/schema\/person\/b996fe85504afac90b0fe3a9fe27853e"},"breadcrumb":{"@id":"https:\/\/abtelecom.org.br\/site\/lista-anatel-5g\/#breadcrumb"},"inLanguage":"pt-BR","potentialAction":[{"@type":"ReadAction","target":["https:\/\/abtelecom.org.br\/site\/lista-anatel-5g\/"]}]},{"@type":"BreadcrumbList","@id":"https:\/\/abtelecom.org.br\/site\/lista-anatel-5g\/#breadcrumb","itemListElement":[{"@type":"ListItem","position":1,"name":"In\u00edcio","item":"https:\/\/abtelecom.org.br\/site\/"},{"@type":"ListItem","position":2,"name":"Anatel libera 3,5 GHz para 5G em mais 187 cidades; veja lista completa"}]},{"@type":"WebSite","@id":"https:\/\/abtelecom.org.br\/site\/#website","url":"https:\/\/abtelecom.org.br\/site\/","name":"ABTelecom","description":"Associa\u00e7\u00e3o Brasileira de Telecomunica\u00e7\u00f5es","potentialAction":[{"@type":"SearchAction","target":{"@type":"EntryPoint","urlTemplate":"https:\/\/abtelecom.org.br\/site\/?s={search_term_string}"},"query-input":"required name=search_term_string"}],"inLanguage":"pt-BR"},{"@type":"Person","@id":"https:\/\/abtelecom.org.br\/site\/#\/schema\/person\/b996fe85504afac90b0fe3a9fe27853e","name":"abtelecom","image":{"@type":"ImageObject","inLanguage":"pt-BR","@id":"https:\/\/abtelecom.org.br\/site\/#\/schema\/person\/image\/","url":"https:\/\/secure.gravatar.com\/avatar\/9e6049fbfcd4158f6e2001caac52725a?s=96&d=mm&r=g","contentUrl":"https:\/\/secure.gravatar.com\/avatar\/9e6049fbfcd4158f6e2001caac52725a?s=96&d=mm&r=g","caption":"abtelecom"},"url":"https:\/\/abtelecom.org.br\/site\/author\/abtelecom\/"}]}},"_links":{"self":[{"href":"https:\/\/abtelecom.org.br\/site\/wp-json\/wp\/v2\/posts\/2207"}],"collection":[{"href":"https:\/\/abtelecom.org.br\/site\/wp-json\/wp\/v2\/posts"}],"about":[{"href":"https:\/\/abtelecom.org.br\/site\/wp-json\/wp\/v2\/types\/post"}],"author":[{"embeddable":true,"href":"https:\/\/abtelecom.org.br\/site\/wp-json\/wp\/v2\/users\/17"}],"replies":[{"embeddable":true,"href":"https:\/\/abtelecom.org.br\/site\/wp-json\/wp\/v2\/comments?post=2207"}],"version-history":[{"count":0,"href":"https:\/\/abtelecom.org.br\/site\/wp-json\/wp\/v2\/posts\/2207\/revisions"}],"wp:attachment":[{"href":"https:\/\/abtelecom.org.br\/site\/wp-json\/wp\/v2\/media?parent=2207"}],"wp:term":[{"taxonomy":"category","embeddable":true,"href":"https:\/\/abtelecom.org.br\/site\/wp-json\/wp\/v2\/categories?post=2207"},{"taxonomy":"post_tag","embeddable":true,"href":"https:\/\/abtelecom.org.br\/site\/wp-json\/wp\/v2\/tags?post=2207"}],"curies":[{"name":"wp","href":"https:\/\/api.w.org\/{rel}","templated":true}]}}