{"id":2215,"date":"2023-07-06T15:50:16","date_gmt":"2023-07-06T18:50:16","guid":{"rendered":"https:\/\/abtelecom.org.br\/site\/?p=2215"},"modified":"2023-07-06T15:50:16","modified_gmt":"2023-07-06T18:50:16","slug":"mcom-abre-consulta-publica-sobre-prioridades-para-recursos-do-funttel","status":"publish","type":"post","link":"https:\/\/abtelecom.org.br\/site\/mcom-abre-consulta-publica-sobre-prioridades-para-recursos-do-funttel\/","title":{"rendered":"MCom abre consulta p\u00fablica sobre prioridades para recursos do Funttel"},"content":{"rendered":"<p>O Minist\u00e9rio das Comunica\u00e7\u00f5es (<strong>MCom<\/strong>), por meio do Conselho Gestor do Fundo para o Desenvolvimento Tecnol\u00f3gico das Telecomunica\u00e7\u00f5es (<strong>Funttel<\/strong>), abriu uma consulta p\u00fablica para colher subs\u00eddios que auxiliem a defini\u00e7\u00e3o de prioridades de pol\u00edticas p\u00fablicas na aloca\u00e7\u00e3o de recursos do fundo.<\/p>\n<p>A consulta ficar\u00e1 dispon\u00edvel para o recebimento de contribui\u00e7\u00f5es pelo prazo de 60 dias (at\u00e9 4 de setembro) na\u00a0<strong><a href=\"https:\/\/www.gov.br\/participamaisbrasil\/prioridades-da-politica-publica-de-pesquisa-desenvolvimento-e-inovacao-aplicada-ao-setor-de-telecomunicacoes\" target=\"_blank\" rel=\"noreferrer noopener nofollow external\" data-wpel-link=\"external\">plataforma Participa+ Brasil<\/a><\/strong>. O processo tem como objetivo definir as prioridades da pol\u00edtica p\u00fablica de pesquisa, desenvolvimento e\u00a0<strong>inova\u00e7\u00e3o aplicadas ao setor de telecomunica\u00e7\u00f5es<\/strong>. A proposta apresentada pelo governo possui tr\u00eas temas e 13 subtemas como refer\u00eancias para contribui\u00e7\u00f5es. Eles s\u00e3o:<\/p>\n<p><strong>Tema 1: Comunica\u00e7\u00f5es \u00d3pticas<\/strong><\/p>\n<p>1 \u2013 \u00d3ptica Integrada densa, associada a t\u00e9cnicas de modula\u00e7\u00e3o e processamento digital de sinais.<\/p>\n<p>2 \u2013 Transceptores \u00f3pticos compactos com capacidade flex\u00edvel e taxas de transmiss\u00e3o de dados superiores a 1 Tb\/s por canal.<\/p>\n<p>3 \u2013 Fibras multi-core e de n\u00facleo oco.<\/p>\n<p>4 \u2013 Tecnologias qu\u00e2nticas.<\/p>\n<p><strong>Tema 2: Comunica\u00e7\u00f5es M\u00f3veis<\/strong><\/p>\n<p>5 \u2013 Topologias din\u00e2micas de rede.<\/p>\n<p>6 \u2013 Tecnologias al\u00e9m dos limites de Shannon.<\/p>\n<p><strong>Tema 3: Redes Program\u00e1veis, Descentralizadas e Seguras<\/strong><\/p>\n<p>7 \u2013 Internet das Coisas (IoT): sensores, chip para transmiss\u00e3o por Radiofrequ\u00eancia (RF) e tratamento da informa\u00e7\u00e3o.<\/p>\n<p>8 \u2013 Comunica\u00e7\u00f5es V2X: de ve\u00edculo para A-X: infraestrutura, outros ve\u00edculos, etc.<\/p>\n<p>9 \u2013 Virtualiza\u00e7\u00e3o de Redes: SDN e NFV.<\/p>\n<p>10 \u2013 Realidade imersiva, como o Metaverso.<\/p>\n<p>11 \u2013 Gest\u00e3o descentralizada.<\/p>\n<p>12 \u2013 Seguran\u00e7a de Rede.<\/p>\n<p>13 \u2013 Intelig\u00eancia Artificial (IA).<\/p>\n<p>Para o MCom, a consulta \u00e9 importante porque pode permitir que pesquisadores, especialistas do setor, empresas e institui\u00e7\u00f5es cient\u00edficas, tecnol\u00f3gicas e de inova\u00e7\u00e3o (ICTs) possam apontar tend\u00eancias e \u00e1reas de fronteira tecnol\u00f3gica que possam ser fomentadas com recursos p\u00fablicos.<\/p>\n<p>Fonte: Teletime<\/p>\n","protected":false},"excerpt":{"rendered":"<p>O Minist\u00e9rio das Comunica\u00e7\u00f5es (MCom), por meio do Conselho Gestor do Fundo para o Desenvolvimento Tecnol\u00f3gico das Telecomunica\u00e7\u00f5es (Funttel), abriu uma consulta p\u00fablica para colher subs\u00eddios que auxiliem a defini\u00e7\u00e3o de prioridades de pol\u00edticas p\u00fablicas na aloca\u00e7\u00e3o de recursos do fundo. A consulta ficar\u00e1 dispon\u00edvel para o recebimento de contribui\u00e7\u00f5es pelo prazo de 60 dias [&hellip;]<\/p>\n","protected":false},"author":17,"featured_media":0,"comment_status":"open","ping_status":"open","sticky":false,"template":"","format":"standard","meta":{"_exactmetrics_skip_tracking":false,"_exactmetrics_sitenote_active":false,"_exactmetrics_sitenote_note":"","_exactmetrics_sitenote_category":0,"footnotes":""},"categories":[14,15],"tags":[],"yoast_head":"<!-- This site is optimized with the Yoast SEO plugin v21.7 - https:\/\/yoast.com\/wordpress\/plugins\/seo\/ -->\n<title>MCom abre consulta p\u00fablica sobre prioridades para recursos do Funttel - ABTelecom<\/title>\n<meta name=\"robots\" content=\"index, follow, max-snippet:-1, max-image-preview:large, max-video-preview:-1\" \/>\n<link rel=\"canonical\" href=\"https:\/\/abtelecom.org.br\/site\/mcom-abre-consulta-publica-sobre-prioridades-para-recursos-do-funttel\/\" \/>\n<meta property=\"og:locale\" content=\"pt_BR\" \/>\n<meta property=\"og:type\" content=\"article\" \/>\n<meta property=\"og:title\" content=\"MCom abre consulta p\u00fablica sobre prioridades para recursos do Funttel - ABTelecom\" \/>\n<meta property=\"og:description\" content=\"O Minist\u00e9rio das Comunica\u00e7\u00f5es (MCom), por meio do Conselho Gestor do Fundo para o Desenvolvimento Tecnol\u00f3gico das Telecomunica\u00e7\u00f5es (Funttel), abriu uma consulta p\u00fablica para colher subs\u00eddios que auxiliem a defini\u00e7\u00e3o de prioridades de pol\u00edticas p\u00fablicas na aloca\u00e7\u00e3o de recursos do fundo. A consulta ficar\u00e1 dispon\u00edvel para o recebimento de contribui\u00e7\u00f5es pelo prazo de 60 dias [&hellip;]\" \/>\n<meta property=\"og:url\" content=\"https:\/\/abtelecom.org.br\/site\/mcom-abre-consulta-publica-sobre-prioridades-para-recursos-do-funttel\/\" \/>\n<meta property=\"og:site_name\" content=\"ABTelecom\" \/>\n<meta property=\"article:published_time\" content=\"2023-07-06T18:50:16+00:00\" \/>\n<meta property=\"og:image\" content=\"https:\/\/abtelecom.org.br\/site\/wp-content\/uploads\/2023\/07\/5G_Inovacao-.jpg\" \/>\n\t<meta property=\"og:image:width\" content=\"696\" \/>\n\t<meta property=\"og:image:height\" content=\"464\" \/>\n\t<meta property=\"og:image:type\" content=\"image\/jpeg\" \/>\n<meta name=\"author\" content=\"abtelecom\" \/>\n<meta name=\"twitter:card\" content=\"summary_large_image\" \/>\n<meta name=\"twitter:label1\" content=\"Escrito por\" \/>\n\t<meta name=\"twitter:data1\" content=\"abtelecom\" \/>\n\t<meta name=\"twitter:label2\" content=\"Est. tempo de leitura\" \/>\n\t<meta name=\"twitter:data2\" content=\"2 minutos\" \/>\n<script type=\"application\/ld+json\" class=\"yoast-schema-graph\">{\"@context\":\"https:\/\/schema.org\",\"@graph\":[{\"@type\":\"WebPage\",\"@id\":\"https:\/\/abtelecom.org.br\/site\/mcom-abre-consulta-publica-sobre-prioridades-para-recursos-do-funttel\/\",\"url\":\"https:\/\/abtelecom.org.br\/site\/mcom-abre-consulta-publica-sobre-prioridades-para-recursos-do-funttel\/\",\"name\":\"MCom abre consulta p\u00fablica sobre prioridades para recursos do Funttel - ABTelecom\",\"isPartOf\":{\"@id\":\"https:\/\/abtelecom.org.br\/site\/#website\"},\"datePublished\":\"2023-07-06T18:50:16+00:00\",\"dateModified\":\"2023-07-06T18:50:16+00:00\",\"author\":{\"@id\":\"https:\/\/abtelecom.org.br\/site\/#\/schema\/person\/b996fe85504afac90b0fe3a9fe27853e\"},\"breadcrumb\":{\"@id\":\"https:\/\/abtelecom.org.br\/site\/mcom-abre-consulta-publica-sobre-prioridades-para-recursos-do-funttel\/#breadcrumb\"},\"inLanguage\":\"pt-BR\",\"potentialAction\":[{\"@type\":\"ReadAction\",\"target\":[\"https:\/\/abtelecom.org.br\/site\/mcom-abre-consulta-publica-sobre-prioridades-para-recursos-do-funttel\/\"]}]},{\"@type\":\"BreadcrumbList\",\"@id\":\"https:\/\/abtelecom.org.br\/site\/mcom-abre-consulta-publica-sobre-prioridades-para-recursos-do-funttel\/#breadcrumb\",\"itemListElement\":[{\"@type\":\"ListItem\",\"position\":1,\"name\":\"In\u00edcio\",\"item\":\"https:\/\/abtelecom.org.br\/site\/\"},{\"@type\":\"ListItem\",\"position\":2,\"name\":\"MCom abre consulta p\u00fablica sobre prioridades para recursos do Funttel\"}]},{\"@type\":\"WebSite\",\"@id\":\"https:\/\/abtelecom.org.br\/site\/#website\",\"url\":\"https:\/\/abtelecom.org.br\/site\/\",\"name\":\"ABTelecom\",\"description\":\"Associa\u00e7\u00e3o Brasileira de Telecomunica\u00e7\u00f5es\",\"potentialAction\":[{\"@type\":\"SearchAction\",\"target\":{\"@type\":\"EntryPoint\",\"urlTemplate\":\"https:\/\/abtelecom.org.br\/site\/?s={search_term_string}\"},\"query-input\":\"required name=search_term_string\"}],\"inLanguage\":\"pt-BR\"},{\"@type\":\"Person\",\"@id\":\"https:\/\/abtelecom.org.br\/site\/#\/schema\/person\/b996fe85504afac90b0fe3a9fe27853e\",\"name\":\"abtelecom\",\"image\":{\"@type\":\"ImageObject\",\"inLanguage\":\"pt-BR\",\"@id\":\"https:\/\/abtelecom.org.br\/site\/#\/schema\/person\/image\/\",\"url\":\"https:\/\/secure.gravatar.com\/avatar\/9e6049fbfcd4158f6e2001caac52725a?s=96&d=mm&r=g\",\"contentUrl\":\"https:\/\/secure.gravatar.com\/avatar\/9e6049fbfcd4158f6e2001caac52725a?s=96&d=mm&r=g\",\"caption\":\"abtelecom\"},\"url\":\"https:\/\/abtelecom.org.br\/site\/author\/abtelecom\/\"}]}<\/script>\n<!-- \/ Yoast SEO plugin. -->","yoast_head_json":{"title":"MCom abre consulta p\u00fablica sobre prioridades para recursos do Funttel - ABTelecom","robots":{"index":"index","follow":"follow","max-snippet":"max-snippet:-1","max-image-preview":"max-image-preview:large","max-video-preview":"max-video-preview:-1"},"canonical":"https:\/\/abtelecom.org.br\/site\/mcom-abre-consulta-publica-sobre-prioridades-para-recursos-do-funttel\/","og_locale":"pt_BR","og_type":"article","og_title":"MCom abre consulta p\u00fablica sobre prioridades para recursos do Funttel - ABTelecom","og_description":"O Minist\u00e9rio das Comunica\u00e7\u00f5es (MCom), por meio do Conselho Gestor do Fundo para o Desenvolvimento Tecnol\u00f3gico das Telecomunica\u00e7\u00f5es (Funttel), abriu uma consulta p\u00fablica para colher subs\u00eddios que auxiliem a defini\u00e7\u00e3o de prioridades de pol\u00edticas p\u00fablicas na aloca\u00e7\u00e3o de recursos do fundo. A consulta ficar\u00e1 dispon\u00edvel para o recebimento de contribui\u00e7\u00f5es pelo prazo de 60 dias [&hellip;]","og_url":"https:\/\/abtelecom.org.br\/site\/mcom-abre-consulta-publica-sobre-prioridades-para-recursos-do-funttel\/","og_site_name":"ABTelecom","article_published_time":"2023-07-06T18:50:16+00:00","og_image":[{"width":696,"height":464,"url":"https:\/\/abtelecom.org.br\/site\/wp-content\/uploads\/2023\/07\/5G_Inovacao-.jpg","type":"image\/jpeg"}],"author":"abtelecom","twitter_card":"summary_large_image","twitter_misc":{"Escrito por":"abtelecom","Est. tempo de leitura":"2 minutos"},"schema":{"@context":"https:\/\/schema.org","@graph":[{"@type":"WebPage","@id":"https:\/\/abtelecom.org.br\/site\/mcom-abre-consulta-publica-sobre-prioridades-para-recursos-do-funttel\/","url":"https:\/\/abtelecom.org.br\/site\/mcom-abre-consulta-publica-sobre-prioridades-para-recursos-do-funttel\/","name":"MCom abre consulta p\u00fablica sobre prioridades para recursos do Funttel - ABTelecom","isPartOf":{"@id":"https:\/\/abtelecom.org.br\/site\/#website"},"datePublished":"2023-07-06T18:50:16+00:00","dateModified":"2023-07-06T18:50:16+00:00","author":{"@id":"https:\/\/abtelecom.org.br\/site\/#\/schema\/person\/b996fe85504afac90b0fe3a9fe27853e"},"breadcrumb":{"@id":"https:\/\/abtelecom.org.br\/site\/mcom-abre-consulta-publica-sobre-prioridades-para-recursos-do-funttel\/#breadcrumb"},"inLanguage":"pt-BR","potentialAction":[{"@type":"ReadAction","target":["https:\/\/abtelecom.org.br\/site\/mcom-abre-consulta-publica-sobre-prioridades-para-recursos-do-funttel\/"]}]},{"@type":"BreadcrumbList","@id":"https:\/\/abtelecom.org.br\/site\/mcom-abre-consulta-publica-sobre-prioridades-para-recursos-do-funttel\/#breadcrumb","itemListElement":[{"@type":"ListItem","position":1,"name":"In\u00edcio","item":"https:\/\/abtelecom.org.br\/site\/"},{"@type":"ListItem","position":2,"name":"MCom abre consulta p\u00fablica sobre prioridades para recursos do Funttel"}]},{"@type":"WebSite","@id":"https:\/\/abtelecom.org.br\/site\/#website","url":"https:\/\/abtelecom.org.br\/site\/","name":"ABTelecom","description":"Associa\u00e7\u00e3o Brasileira de Telecomunica\u00e7\u00f5es","potentialAction":[{"@type":"SearchAction","target":{"@type":"EntryPoint","urlTemplate":"https:\/\/abtelecom.org.br\/site\/?s={search_term_string}"},"query-input":"required name=search_term_string"}],"inLanguage":"pt-BR"},{"@type":"Person","@id":"https:\/\/abtelecom.org.br\/site\/#\/schema\/person\/b996fe85504afac90b0fe3a9fe27853e","name":"abtelecom","image":{"@type":"ImageObject","inLanguage":"pt-BR","@id":"https:\/\/abtelecom.org.br\/site\/#\/schema\/person\/image\/","url":"https:\/\/secure.gravatar.com\/avatar\/9e6049fbfcd4158f6e2001caac52725a?s=96&d=mm&r=g","contentUrl":"https:\/\/secure.gravatar.com\/avatar\/9e6049fbfcd4158f6e2001caac52725a?s=96&d=mm&r=g","caption":"abtelecom"},"url":"https:\/\/abtelecom.org.br\/site\/author\/abtelecom\/"}]}},"_links":{"self":[{"href":"https:\/\/abtelecom.org.br\/site\/wp-json\/wp\/v2\/posts\/2215"}],"collection":[{"href":"https:\/\/abtelecom.org.br\/site\/wp-json\/wp\/v2\/posts"}],"about":[{"href":"https:\/\/abtelecom.org.br\/site\/wp-json\/wp\/v2\/types\/post"}],"author":[{"embeddable":true,"href":"https:\/\/abtelecom.org.br\/site\/wp-json\/wp\/v2\/users\/17"}],"replies":[{"embeddable":true,"href":"https:\/\/abtelecom.org.br\/site\/wp-json\/wp\/v2\/comments?post=2215"}],"version-history":[{"count":0,"href":"https:\/\/abtelecom.org.br\/site\/wp-json\/wp\/v2\/posts\/2215\/revisions"}],"wp:attachment":[{"href":"https:\/\/abtelecom.org.br\/site\/wp-json\/wp\/v2\/media?parent=2215"}],"wp:term":[{"taxonomy":"category","embeddable":true,"href":"https:\/\/abtelecom.org.br\/site\/wp-json\/wp\/v2\/categories?post=2215"},{"taxonomy":"post_tag","embeddable":true,"href":"https:\/\/abtelecom.org.br\/site\/wp-json\/wp\/v2\/tags?post=2215"}],"curies":[{"name":"wp","href":"https:\/\/api.w.org\/{rel}","templated":true}]}}