{"id":2340,"date":"2023-10-16T12:07:59","date_gmt":"2023-10-16T15:07:59","guid":{"rendered":"https:\/\/abtelecom.org.br\/site\/?p=2340"},"modified":"2023-10-16T12:07:59","modified_gmt":"2023-10-16T15:07:59","slug":"anatel-recebe-mais-de-600-contribuicoes-sobre-deveres-de-usuarios-de-redes","status":"publish","type":"post","link":"https:\/\/abtelecom.org.br\/site\/anatel-recebe-mais-de-600-contribuicoes-sobre-deveres-de-usuarios-de-redes\/","title":{"rendered":"Anatel recebe mais de 600 contribui\u00e7\u00f5es sobre deveres de usu\u00e1rios de redes"},"content":{"rendered":"<p>A Anatel recebeu 627 contribui\u00e7\u00f5es de players de diferentes elos da cadeia da Internet durante a Tomada de Subs\u00eddios n\u00ba 13\/2023, sobre os deveres de usu\u00e1rios das redes de telecom.<\/p>\n<p>O processo \u00e9 elemento do debate sobre a regula\u00e7\u00e3o do ecossistema digital. Nesta quarta-feira, 11, uma consolida\u00e7\u00e3o das contribui\u00e7\u00f5es \u00e0 tomada foi apresentada pela ag\u00eancia reguladora \u2013 ainda que sem indica\u00e7\u00e3o efetiva sobre caminhos a serem seguidos para a regula\u00e7\u00e3o (ou n\u00e3o) das big techs ou contribui\u00e7\u00e3o dessas empresas nos investimentos em redes.<\/p>\n<p>Certo at\u00e9 o momento \u00e9 a realiza\u00e7\u00e3o de uma segunda tomada de subs\u00eddios, provavelmente entre o final de novembro e meados de dezembro, afirmou o superintendente de Planejamento e Regulamenta\u00e7\u00e3o da Anatel, Nilo Pasquali. Na ocasi\u00e3o, ser\u00e3o apontados os problemas identificados pela ag\u00eancia nesta primeira tomada e avalia\u00e7\u00f5es de medidas poss\u00edveis.<\/p>\n<p>A primeira consulta \u00e0 sociedade mobilizou uma s\u00e9rie de operadoras e entidade de telecom de diversos portes, al\u00e9m de sociedade civil, academia, governos e aquilo que a Anatel chamou de grandes geradores de tr\u00e1fego (ou GGTs), representados pelas big techs. Como era de se esperar, as grandes plataformas e as empresas de telecom apresentaram vis\u00f5es distintas sobre os deveres de grandes usu\u00e1rios de redes.<\/p>\n<p>A pr\u00f3pria vis\u00e3o de competi\u00e7\u00e3o e substituibilidade entre servi\u00e7os tradicionais das operadoras e servi\u00e7os de valor adicionado (SVAs) representados pelas aplica\u00e7\u00f5es de Internet foi motivo de entendimentos distintos. Enquanto as teles veem o cen\u00e1rio como desequilibrado a favor das big techs, estas apontam situa\u00e7\u00e3o de complementaridade e &#8220;ganha ganha&#8221; entre as cadeias, com a legisla\u00e7\u00e3o concorrencial dando conta de eventuais falhas de mercado.<\/p>\n<p>Outra quest\u00e3o suscitada pelas grandes plataformas \u2013 bem como por \u00f3rg\u00e3os de defesa do consumidor e mesmo provedores regionais \u2013 foi a limita\u00e7\u00e3o de compet\u00eancias da Anatel para regular as aplica\u00e7\u00f5es de Internet, seja sob luz da Lei Geral de Telecomunica\u00e7\u00f5es (LGT) ou do Marco Civil da Internet. A ag\u00eancia tem cogitado interpelar as big techs pelo papel das empresas como grandes usu\u00e1rias de recursos de redes.<\/p>\n<p><img decoding=\"async\" class=\"aligncenter\" src=\"https:\/\/teletime.com.br\/wp-content\/uploads\/2023\/10\/Design-sem-nome-3-1024x576.png\" alt=\"svg%3E\" \/><\/p>\n<p>O modelo para operacionalizar uma eventual contribui\u00e7\u00e3o da cadeia, contudo, ainda segue em aberto. Fora a contribui\u00e7\u00e3o direta \u00e0s teles, um ponto citado pelo assessor da superintend\u00eancia de Planejamento e Regulamenta\u00e7\u00e3o da Anatel, Roberto Hirayama, seria modelo norteado por arbitragens conduzidas pela Anatel entre operadoras e big techs.<\/p>\n<p>Outro risco no radar seria como garantir que eventuais pagamentos das big techs se destinassem efetivamente aos investimentos em rede, indicou o assessor. Neste sentido, um modelo de contribui\u00e7\u00f5es similar ao do Fust poderia garantir o direcionamento adequado dos recursos, sinalizaram os t\u00e9cnicos da Anatel.<\/p>\n<p>&nbsp;<\/p>\n<p>Fonte: Teletime<\/p>\n","protected":false},"excerpt":{"rendered":"<p>A Anatel recebeu 627 contribui\u00e7\u00f5es de players de diferentes elos da cadeia da Internet durante a Tomada de Subs\u00eddios n\u00ba 13\/2023, sobre os deveres de usu\u00e1rios das redes de telecom. O processo \u00e9 elemento do debate sobre a regula\u00e7\u00e3o do ecossistema digital. Nesta quarta-feira, 11, uma consolida\u00e7\u00e3o das contribui\u00e7\u00f5es \u00e0 tomada foi apresentada pela ag\u00eancia [&hellip;]<\/p>\n","protected":false},"author":17,"featured_media":0,"comment_status":"open","ping_status":"open","sticky":false,"template":"","format":"standard","meta":{"_exactmetrics_skip_tracking":false,"_exactmetrics_sitenote_active":false,"_exactmetrics_sitenote_note":"","_exactmetrics_sitenote_category":0,"footnotes":""},"categories":[14,15],"tags":[],"yoast_head":"<!-- This site is optimized with the Yoast SEO plugin v21.7 - https:\/\/yoast.com\/wordpress\/plugins\/seo\/ -->\n<title>Anatel recebe mais de 600 contribui\u00e7\u00f5es sobre deveres de usu\u00e1rios de redes - ABTelecom<\/title>\n<meta name=\"robots\" content=\"index, follow, max-snippet:-1, max-image-preview:large, max-video-preview:-1\" \/>\n<link rel=\"canonical\" href=\"https:\/\/abtelecom.org.br\/site\/anatel-recebe-mais-de-600-contribuicoes-sobre-deveres-de-usuarios-de-redes\/\" \/>\n<meta property=\"og:locale\" content=\"pt_BR\" \/>\n<meta property=\"og:type\" content=\"article\" \/>\n<meta property=\"og:title\" content=\"Anatel recebe mais de 600 contribui\u00e7\u00f5es sobre deveres de usu\u00e1rios de redes - ABTelecom\" \/>\n<meta property=\"og:description\" content=\"A Anatel recebeu 627 contribui\u00e7\u00f5es de players de diferentes elos da cadeia da Internet durante a Tomada de Subs\u00eddios n\u00ba 13\/2023, sobre os deveres de usu\u00e1rios das redes de telecom. O processo \u00e9 elemento do debate sobre a regula\u00e7\u00e3o do ecossistema digital. Nesta quarta-feira, 11, uma consolida\u00e7\u00e3o das contribui\u00e7\u00f5es \u00e0 tomada foi apresentada pela ag\u00eancia [&hellip;]\" \/>\n<meta property=\"og:url\" content=\"https:\/\/abtelecom.org.br\/site\/anatel-recebe-mais-de-600-contribuicoes-sobre-deveres-de-usuarios-de-redes\/\" \/>\n<meta property=\"og:site_name\" content=\"ABTelecom\" \/>\n<meta property=\"article:published_time\" content=\"2023-10-16T15:07:59+00:00\" \/>\n<meta property=\"og:image\" content=\"https:\/\/abtelecom.org.br\/site\/wp-content\/uploads\/2023\/10\/anatel.jpeg\" \/>\n\t<meta property=\"og:image:width\" content=\"696\" \/>\n\t<meta property=\"og:image:height\" content=\"496\" \/>\n\t<meta property=\"og:image:type\" content=\"image\/jpeg\" \/>\n<meta name=\"author\" content=\"abtelecom\" \/>\n<meta name=\"twitter:card\" content=\"summary_large_image\" \/>\n<meta name=\"twitter:label1\" content=\"Escrito por\" \/>\n\t<meta name=\"twitter:data1\" content=\"abtelecom\" \/>\n\t<meta name=\"twitter:label2\" content=\"Est. tempo de leitura\" \/>\n\t<meta name=\"twitter:data2\" content=\"3 minutos\" \/>\n<script type=\"application\/ld+json\" class=\"yoast-schema-graph\">{\"@context\":\"https:\/\/schema.org\",\"@graph\":[{\"@type\":\"WebPage\",\"@id\":\"https:\/\/abtelecom.org.br\/site\/anatel-recebe-mais-de-600-contribuicoes-sobre-deveres-de-usuarios-de-redes\/\",\"url\":\"https:\/\/abtelecom.org.br\/site\/anatel-recebe-mais-de-600-contribuicoes-sobre-deveres-de-usuarios-de-redes\/\",\"name\":\"Anatel recebe mais de 600 contribui\u00e7\u00f5es sobre deveres de usu\u00e1rios de redes - ABTelecom\",\"isPartOf\":{\"@id\":\"https:\/\/abtelecom.org.br\/site\/#website\"},\"datePublished\":\"2023-10-16T15:07:59+00:00\",\"dateModified\":\"2023-10-16T15:07:59+00:00\",\"author\":{\"@id\":\"https:\/\/abtelecom.org.br\/site\/#\/schema\/person\/b996fe85504afac90b0fe3a9fe27853e\"},\"breadcrumb\":{\"@id\":\"https:\/\/abtelecom.org.br\/site\/anatel-recebe-mais-de-600-contribuicoes-sobre-deveres-de-usuarios-de-redes\/#breadcrumb\"},\"inLanguage\":\"pt-BR\",\"potentialAction\":[{\"@type\":\"ReadAction\",\"target\":[\"https:\/\/abtelecom.org.br\/site\/anatel-recebe-mais-de-600-contribuicoes-sobre-deveres-de-usuarios-de-redes\/\"]}]},{\"@type\":\"BreadcrumbList\",\"@id\":\"https:\/\/abtelecom.org.br\/site\/anatel-recebe-mais-de-600-contribuicoes-sobre-deveres-de-usuarios-de-redes\/#breadcrumb\",\"itemListElement\":[{\"@type\":\"ListItem\",\"position\":1,\"name\":\"In\u00edcio\",\"item\":\"https:\/\/abtelecom.org.br\/site\/\"},{\"@type\":\"ListItem\",\"position\":2,\"name\":\"Anatel recebe mais de 600 contribui\u00e7\u00f5es sobre deveres de usu\u00e1rios de redes\"}]},{\"@type\":\"WebSite\",\"@id\":\"https:\/\/abtelecom.org.br\/site\/#website\",\"url\":\"https:\/\/abtelecom.org.br\/site\/\",\"name\":\"ABTelecom\",\"description\":\"Associa\u00e7\u00e3o Brasileira de Telecomunica\u00e7\u00f5es\",\"potentialAction\":[{\"@type\":\"SearchAction\",\"target\":{\"@type\":\"EntryPoint\",\"urlTemplate\":\"https:\/\/abtelecom.org.br\/site\/?s={search_term_string}\"},\"query-input\":\"required name=search_term_string\"}],\"inLanguage\":\"pt-BR\"},{\"@type\":\"Person\",\"@id\":\"https:\/\/abtelecom.org.br\/site\/#\/schema\/person\/b996fe85504afac90b0fe3a9fe27853e\",\"name\":\"abtelecom\",\"image\":{\"@type\":\"ImageObject\",\"inLanguage\":\"pt-BR\",\"@id\":\"https:\/\/abtelecom.org.br\/site\/#\/schema\/person\/image\/\",\"url\":\"https:\/\/secure.gravatar.com\/avatar\/9e6049fbfcd4158f6e2001caac52725a?s=96&d=mm&r=g\",\"contentUrl\":\"https:\/\/secure.gravatar.com\/avatar\/9e6049fbfcd4158f6e2001caac52725a?s=96&d=mm&r=g\",\"caption\":\"abtelecom\"},\"url\":\"https:\/\/abtelecom.org.br\/site\/author\/abtelecom\/\"}]}<\/script>\n<!-- \/ Yoast SEO plugin. -->","yoast_head_json":{"title":"Anatel recebe mais de 600 contribui\u00e7\u00f5es sobre deveres de usu\u00e1rios de redes - ABTelecom","robots":{"index":"index","follow":"follow","max-snippet":"max-snippet:-1","max-image-preview":"max-image-preview:large","max-video-preview":"max-video-preview:-1"},"canonical":"https:\/\/abtelecom.org.br\/site\/anatel-recebe-mais-de-600-contribuicoes-sobre-deveres-de-usuarios-de-redes\/","og_locale":"pt_BR","og_type":"article","og_title":"Anatel recebe mais de 600 contribui\u00e7\u00f5es sobre deveres de usu\u00e1rios de redes - ABTelecom","og_description":"A Anatel recebeu 627 contribui\u00e7\u00f5es de players de diferentes elos da cadeia da Internet durante a Tomada de Subs\u00eddios n\u00ba 13\/2023, sobre os deveres de usu\u00e1rios das redes de telecom. O processo \u00e9 elemento do debate sobre a regula\u00e7\u00e3o do ecossistema digital. Nesta quarta-feira, 11, uma consolida\u00e7\u00e3o das contribui\u00e7\u00f5es \u00e0 tomada foi apresentada pela ag\u00eancia [&hellip;]","og_url":"https:\/\/abtelecom.org.br\/site\/anatel-recebe-mais-de-600-contribuicoes-sobre-deveres-de-usuarios-de-redes\/","og_site_name":"ABTelecom","article_published_time":"2023-10-16T15:07:59+00:00","og_image":[{"width":696,"height":496,"url":"https:\/\/abtelecom.org.br\/site\/wp-content\/uploads\/2023\/10\/anatel.jpeg","type":"image\/jpeg"}],"author":"abtelecom","twitter_card":"summary_large_image","twitter_misc":{"Escrito por":"abtelecom","Est. tempo de leitura":"3 minutos"},"schema":{"@context":"https:\/\/schema.org","@graph":[{"@type":"WebPage","@id":"https:\/\/abtelecom.org.br\/site\/anatel-recebe-mais-de-600-contribuicoes-sobre-deveres-de-usuarios-de-redes\/","url":"https:\/\/abtelecom.org.br\/site\/anatel-recebe-mais-de-600-contribuicoes-sobre-deveres-de-usuarios-de-redes\/","name":"Anatel recebe mais de 600 contribui\u00e7\u00f5es sobre deveres de usu\u00e1rios de redes - ABTelecom","isPartOf":{"@id":"https:\/\/abtelecom.org.br\/site\/#website"},"datePublished":"2023-10-16T15:07:59+00:00","dateModified":"2023-10-16T15:07:59+00:00","author":{"@id":"https:\/\/abtelecom.org.br\/site\/#\/schema\/person\/b996fe85504afac90b0fe3a9fe27853e"},"breadcrumb":{"@id":"https:\/\/abtelecom.org.br\/site\/anatel-recebe-mais-de-600-contribuicoes-sobre-deveres-de-usuarios-de-redes\/#breadcrumb"},"inLanguage":"pt-BR","potentialAction":[{"@type":"ReadAction","target":["https:\/\/abtelecom.org.br\/site\/anatel-recebe-mais-de-600-contribuicoes-sobre-deveres-de-usuarios-de-redes\/"]}]},{"@type":"BreadcrumbList","@id":"https:\/\/abtelecom.org.br\/site\/anatel-recebe-mais-de-600-contribuicoes-sobre-deveres-de-usuarios-de-redes\/#breadcrumb","itemListElement":[{"@type":"ListItem","position":1,"name":"In\u00edcio","item":"https:\/\/abtelecom.org.br\/site\/"},{"@type":"ListItem","position":2,"name":"Anatel recebe mais de 600 contribui\u00e7\u00f5es sobre deveres de usu\u00e1rios de redes"}]},{"@type":"WebSite","@id":"https:\/\/abtelecom.org.br\/site\/#website","url":"https:\/\/abtelecom.org.br\/site\/","name":"ABTelecom","description":"Associa\u00e7\u00e3o Brasileira de Telecomunica\u00e7\u00f5es","potentialAction":[{"@type":"SearchAction","target":{"@type":"EntryPoint","urlTemplate":"https:\/\/abtelecom.org.br\/site\/?s={search_term_string}"},"query-input":"required name=search_term_string"}],"inLanguage":"pt-BR"},{"@type":"Person","@id":"https:\/\/abtelecom.org.br\/site\/#\/schema\/person\/b996fe85504afac90b0fe3a9fe27853e","name":"abtelecom","image":{"@type":"ImageObject","inLanguage":"pt-BR","@id":"https:\/\/abtelecom.org.br\/site\/#\/schema\/person\/image\/","url":"https:\/\/secure.gravatar.com\/avatar\/9e6049fbfcd4158f6e2001caac52725a?s=96&d=mm&r=g","contentUrl":"https:\/\/secure.gravatar.com\/avatar\/9e6049fbfcd4158f6e2001caac52725a?s=96&d=mm&r=g","caption":"abtelecom"},"url":"https:\/\/abtelecom.org.br\/site\/author\/abtelecom\/"}]}},"_links":{"self":[{"href":"https:\/\/abtelecom.org.br\/site\/wp-json\/wp\/v2\/posts\/2340"}],"collection":[{"href":"https:\/\/abtelecom.org.br\/site\/wp-json\/wp\/v2\/posts"}],"about":[{"href":"https:\/\/abtelecom.org.br\/site\/wp-json\/wp\/v2\/types\/post"}],"author":[{"embeddable":true,"href":"https:\/\/abtelecom.org.br\/site\/wp-json\/wp\/v2\/users\/17"}],"replies":[{"embeddable":true,"href":"https:\/\/abtelecom.org.br\/site\/wp-json\/wp\/v2\/comments?post=2340"}],"version-history":[{"count":1,"href":"https:\/\/abtelecom.org.br\/site\/wp-json\/wp\/v2\/posts\/2340\/revisions"}],"predecessor-version":[{"id":2342,"href":"https:\/\/abtelecom.org.br\/site\/wp-json\/wp\/v2\/posts\/2340\/revisions\/2342"}],"wp:attachment":[{"href":"https:\/\/abtelecom.org.br\/site\/wp-json\/wp\/v2\/media?parent=2340"}],"wp:term":[{"taxonomy":"category","embeddable":true,"href":"https:\/\/abtelecom.org.br\/site\/wp-json\/wp\/v2\/categories?post=2340"},{"taxonomy":"post_tag","embeddable":true,"href":"https:\/\/abtelecom.org.br\/site\/wp-json\/wp\/v2\/tags?post=2340"}],"curies":[{"name":"wp","href":"https:\/\/api.w.org\/{rel}","templated":true}]}}