{"id":2440,"date":"2024-01-15T17:03:57","date_gmt":"2024-01-15T20:03:57","guid":{"rendered":"https:\/\/abtelecom.org.br\/site\/?p=2440"},"modified":"2024-04-28T17:44:39","modified_gmt":"2024-04-28T20:44:39","slug":"anatel-mantem-conceito-de-area-critica-em-ato-sobre-limites-de-exposicao-a-espectro","status":"publish","type":"post","link":"https:\/\/abtelecom.org.br\/site\/anatel-mantem-conceito-de-area-critica-em-ato-sobre-limites-de-exposicao-a-espectro\/","title":{"rendered":"Anatel mant\u00e9m conceito de \u00e1rea cr\u00edtica em ato sobre limites de exposi\u00e7\u00e3o a espectro"},"content":{"rendered":"<div class=\"elementor-element elementor-element-589d3bd elementor-widget elementor-widget-theme-post-excerpt\" data-id=\"589d3bd\" data-element_type=\"widget\" data-widget_type=\"theme-post-excerpt.default\">\n<h3 class=\"elementor-widget-container\">Operadoras defendem que o conceito de \u00e1rea cr\u00edtica est\u00e1 defasado. Regra, no entanto, \u00e9 definida em lei. T\u00e9cnicos da ag\u00eancia estudam alternativas.<\/h3>\n<\/div>\n<div class=\"elementor-element elementor-element-bb1bd36 elementor-widget elementor-widget-theme-post-content\" data-id=\"bb1bd36\" data-element_type=\"widget\" data-widget_type=\"theme-post-content.default\">\n<div class=\"elementor-widget-container\">\n<p>A ANATEL publicou hoje, 11, nova regra a respeito dos limites de radia\u00e7\u00e3o emitidas por antenas de telecomunica\u00e7\u00f5es, que entrar\u00e1 em vigor no dia 1\u00ba de mar\u00e7o. O <a href=\"https:\/\/sei.anatel.gov.br\/sei\/modulos\/pesquisa\/md_pesq_documento_consulta_externa.php?8-74Kn1tDR89f1Q7RjX8EYU46IzCFD26Q9Xx5QNDbqbxW9TCiU-RrmaZO8fMCja4qR4QzjIl4JTD0zMx2oO-oVPimjx63YhjfxoKAfb6-qblFULFLv2NtLnIEnUcyl-U\" target=\"_blank\" rel=\"noopener\">Ato 17.865\/23<\/a>\u00a0atualiza as regras exposi\u00e7\u00e3o humana a campos el\u00e9tricos, magn\u00e9ticos e eletromagn\u00e9ticos na faixa de radiofrequ\u00eancias de 8,3 kHz a 300 GHz, adotando os limites mais atualizados e em linha com os padr\u00f5es mais recentes recomendados pela Organiza\u00e7\u00e3o Mundial de Sa\u00fade (OMS). Mas mant\u00e9m, por imposi\u00e7\u00e3o legal, um conceito que \u00e9 tido por operadoras como defasado: o de \u00e1rea cr\u00edtica, aquela em que existam hospitais, cl\u00ednicas, escolas, creches e asilos num raio de 50 metros das antenas.<\/p>\n<p>Na consulta p\u00fablica feita pela Superintend\u00eancia de Outorga e Recursos \u00e0 Presta\u00e7\u00e3o da Anatel em 2022, a Telef\u00f4nica foi uma das operadoras que sugeriu a retirada do conceito, alegando que teria impacto sobre a expans\u00e3o do 5G: \u201cA perpetua\u00e7\u00e3o do conceito de \u2018\u00e1reas cr\u00edticas\u2019 no Ato pode vir a tornar-se mais um requisito impeditivo ou, no m\u00ednimo, nova norma potencialmente dificultadora na implementa\u00e7\u00e3o de rede m\u00f3vel e massifica\u00e7\u00e3o de novas tecnologias como o 5G, que possuem amplitude de propaga\u00e7\u00e3o menor \u00e0quelas utilizadas pelas tecnologias legadas que, consequentemente, poder\u00e3o ser instaladas em regi\u00f5es mais pr\u00f3ximas de institui\u00e7\u00f5es de sa\u00fade e educa\u00e7\u00e3o\u201d. Tamb\u00e9m a GSMA criticou o conceito.<\/p>\n<p>Vale lembrar que o conceito \u00e9 imposto pela Lei n\u00ba 11.934\/2009, no entanto, e por isso n\u00e3o pode ser alterado por regulamento. Segundo apurou o\u00a0<strong>Tele.S\u00edntese<\/strong>, a \u00e1rea t\u00e9cnica da ag\u00eancia tamb\u00e9m considera que o conceito precisa ser revisto e vem trabalhando em alternativas.<\/p>\n<p>Por ora, pela regra, as empresas devem continuar a medir a exposi\u00e7\u00e3o \u00e0 radia\u00e7\u00e3o radioel\u00e9trica nas \u00e1reas cr\u00edticas e garantir que a pot\u00eancia das antenas se mantenha dentro dos limites exigidos. O ato trata da exposi\u00e7\u00e3o a frequ\u00eancias de 8,3 Khz at\u00e9 300 GHz.<\/p>\n<p>A regra manda as empresas medirem a radia\u00e7\u00e3o dos equipamentos e apresentar os relat\u00f3rios de conformidade assinados por uma entidade competente. Os relat\u00f3rios dever\u00e3o ser feitos para inclus\u00e3o ou licenciamento de uma esta\u00e7\u00e3o a cada cinco anos.<\/p>\n<p>A publica\u00e7\u00e3o tamb\u00e9m revogar\u00e1, em 1\u00ba de mar\u00e7o, os atos 458, 3.388 e 5.289, todos de 2019, e o 1.674 de 2020.<\/p>\n<p>Fonte: Teles\u00edntese<\/p>\n<\/div>\n<\/div>\n","protected":false},"excerpt":{"rendered":"<p>Operadoras defendem que o conceito de \u00e1rea cr\u00edtica est\u00e1 defasado. Regra, no entanto, \u00e9 definida em lei. T\u00e9cnicos da ag\u00eancia estudam alternativas. A ANATEL publicou hoje, 11, nova regra a respeito dos limites de radia\u00e7\u00e3o emitidas por antenas de telecomunica\u00e7\u00f5es, que entrar\u00e1 em vigor no dia 1\u00ba de mar\u00e7o. O Ato 17.865\/23\u00a0atualiza as regras exposi\u00e7\u00e3o [&hellip;]<\/p>\n","protected":false},"author":17,"featured_media":0,"comment_status":"open","ping_status":"open","sticky":false,"template":"","format":"standard","meta":{"_exactmetrics_skip_tracking":false,"_exactmetrics_sitenote_active":false,"_exactmetrics_sitenote_note":"","_exactmetrics_sitenote_category":0,"footnotes":""},"categories":[14,15],"tags":[],"yoast_head":"<!-- This site is optimized with the Yoast SEO plugin v21.7 - https:\/\/yoast.com\/wordpress\/plugins\/seo\/ -->\n<title>Anatel mant\u00e9m conceito de \u00e1rea cr\u00edtica em ato sobre limites de exposi\u00e7\u00e3o a espectro - ABTelecom<\/title>\n<meta name=\"robots\" content=\"index, follow, max-snippet:-1, max-image-preview:large, max-video-preview:-1\" \/>\n<link rel=\"canonical\" href=\"https:\/\/abtelecom.org.br\/site\/anatel-mantem-conceito-de-area-critica-em-ato-sobre-limites-de-exposicao-a-espectro\/\" \/>\n<meta property=\"og:locale\" content=\"pt_BR\" \/>\n<meta property=\"og:type\" content=\"article\" \/>\n<meta property=\"og:title\" content=\"Anatel mant\u00e9m conceito de \u00e1rea cr\u00edtica em ato sobre limites de exposi\u00e7\u00e3o a espectro - ABTelecom\" \/>\n<meta property=\"og:description\" content=\"Operadoras defendem que o conceito de \u00e1rea cr\u00edtica est\u00e1 defasado. Regra, no entanto, \u00e9 definida em lei. T\u00e9cnicos da ag\u00eancia estudam alternativas. A ANATEL publicou hoje, 11, nova regra a respeito dos limites de radia\u00e7\u00e3o emitidas por antenas de telecomunica\u00e7\u00f5es, que entrar\u00e1 em vigor no dia 1\u00ba de mar\u00e7o. O Ato 17.865\/23\u00a0atualiza as regras exposi\u00e7\u00e3o [&hellip;]\" \/>\n<meta property=\"og:url\" content=\"https:\/\/abtelecom.org.br\/site\/anatel-mantem-conceito-de-area-critica-em-ato-sobre-limites-de-exposicao-a-espectro\/\" \/>\n<meta property=\"og:site_name\" content=\"ABTelecom\" \/>\n<meta property=\"article:published_time\" content=\"2024-01-15T20:03:57+00:00\" \/>\n<meta property=\"article:modified_time\" content=\"2024-04-28T20:44:39+00:00\" \/>\n<meta name=\"author\" content=\"abtelecom\" \/>\n<meta name=\"twitter:card\" content=\"summary_large_image\" \/>\n<meta name=\"twitter:label1\" content=\"Escrito por\" \/>\n\t<meta name=\"twitter:data1\" content=\"abtelecom\" \/>\n\t<meta name=\"twitter:label2\" content=\"Est. tempo de leitura\" \/>\n\t<meta name=\"twitter:data2\" content=\"3 minutos\" \/>\n<script type=\"application\/ld+json\" class=\"yoast-schema-graph\">{\"@context\":\"https:\/\/schema.org\",\"@graph\":[{\"@type\":\"WebPage\",\"@id\":\"https:\/\/abtelecom.org.br\/site\/anatel-mantem-conceito-de-area-critica-em-ato-sobre-limites-de-exposicao-a-espectro\/\",\"url\":\"https:\/\/abtelecom.org.br\/site\/anatel-mantem-conceito-de-area-critica-em-ato-sobre-limites-de-exposicao-a-espectro\/\",\"name\":\"Anatel mant\u00e9m conceito de \u00e1rea cr\u00edtica em ato sobre limites de exposi\u00e7\u00e3o a espectro - ABTelecom\",\"isPartOf\":{\"@id\":\"https:\/\/abtelecom.org.br\/site\/#website\"},\"datePublished\":\"2024-01-15T20:03:57+00:00\",\"dateModified\":\"2024-04-28T20:44:39+00:00\",\"author\":{\"@id\":\"https:\/\/abtelecom.org.br\/site\/#\/schema\/person\/b996fe85504afac90b0fe3a9fe27853e\"},\"breadcrumb\":{\"@id\":\"https:\/\/abtelecom.org.br\/site\/anatel-mantem-conceito-de-area-critica-em-ato-sobre-limites-de-exposicao-a-espectro\/#breadcrumb\"},\"inLanguage\":\"pt-BR\",\"potentialAction\":[{\"@type\":\"ReadAction\",\"target\":[\"https:\/\/abtelecom.org.br\/site\/anatel-mantem-conceito-de-area-critica-em-ato-sobre-limites-de-exposicao-a-espectro\/\"]}]},{\"@type\":\"BreadcrumbList\",\"@id\":\"https:\/\/abtelecom.org.br\/site\/anatel-mantem-conceito-de-area-critica-em-ato-sobre-limites-de-exposicao-a-espectro\/#breadcrumb\",\"itemListElement\":[{\"@type\":\"ListItem\",\"position\":1,\"name\":\"In\u00edcio\",\"item\":\"https:\/\/abtelecom.org.br\/site\/\"},{\"@type\":\"ListItem\",\"position\":2,\"name\":\"Anatel mant\u00e9m conceito de \u00e1rea cr\u00edtica em ato sobre limites de exposi\u00e7\u00e3o a espectro\"}]},{\"@type\":\"WebSite\",\"@id\":\"https:\/\/abtelecom.org.br\/site\/#website\",\"url\":\"https:\/\/abtelecom.org.br\/site\/\",\"name\":\"ABTelecom\",\"description\":\"Associa\u00e7\u00e3o Brasileira de Telecomunica\u00e7\u00f5es\",\"potentialAction\":[{\"@type\":\"SearchAction\",\"target\":{\"@type\":\"EntryPoint\",\"urlTemplate\":\"https:\/\/abtelecom.org.br\/site\/?s={search_term_string}\"},\"query-input\":\"required name=search_term_string\"}],\"inLanguage\":\"pt-BR\"},{\"@type\":\"Person\",\"@id\":\"https:\/\/abtelecom.org.br\/site\/#\/schema\/person\/b996fe85504afac90b0fe3a9fe27853e\",\"name\":\"abtelecom\",\"image\":{\"@type\":\"ImageObject\",\"inLanguage\":\"pt-BR\",\"@id\":\"https:\/\/abtelecom.org.br\/site\/#\/schema\/person\/image\/\",\"url\":\"https:\/\/secure.gravatar.com\/avatar\/9e6049fbfcd4158f6e2001caac52725a?s=96&d=mm&r=g\",\"contentUrl\":\"https:\/\/secure.gravatar.com\/avatar\/9e6049fbfcd4158f6e2001caac52725a?s=96&d=mm&r=g\",\"caption\":\"abtelecom\"},\"url\":\"https:\/\/abtelecom.org.br\/site\/author\/abtelecom\/\"}]}<\/script>\n<!-- \/ Yoast SEO plugin. -->","yoast_head_json":{"title":"Anatel mant\u00e9m conceito de \u00e1rea cr\u00edtica em ato sobre limites de exposi\u00e7\u00e3o a espectro - ABTelecom","robots":{"index":"index","follow":"follow","max-snippet":"max-snippet:-1","max-image-preview":"max-image-preview:large","max-video-preview":"max-video-preview:-1"},"canonical":"https:\/\/abtelecom.org.br\/site\/anatel-mantem-conceito-de-area-critica-em-ato-sobre-limites-de-exposicao-a-espectro\/","og_locale":"pt_BR","og_type":"article","og_title":"Anatel mant\u00e9m conceito de \u00e1rea cr\u00edtica em ato sobre limites de exposi\u00e7\u00e3o a espectro - ABTelecom","og_description":"Operadoras defendem que o conceito de \u00e1rea cr\u00edtica est\u00e1 defasado. Regra, no entanto, \u00e9 definida em lei. T\u00e9cnicos da ag\u00eancia estudam alternativas. A ANATEL publicou hoje, 11, nova regra a respeito dos limites de radia\u00e7\u00e3o emitidas por antenas de telecomunica\u00e7\u00f5es, que entrar\u00e1 em vigor no dia 1\u00ba de mar\u00e7o. O Ato 17.865\/23\u00a0atualiza as regras exposi\u00e7\u00e3o [&hellip;]","og_url":"https:\/\/abtelecom.org.br\/site\/anatel-mantem-conceito-de-area-critica-em-ato-sobre-limites-de-exposicao-a-espectro\/","og_site_name":"ABTelecom","article_published_time":"2024-01-15T20:03:57+00:00","article_modified_time":"2024-04-28T20:44:39+00:00","author":"abtelecom","twitter_card":"summary_large_image","twitter_misc":{"Escrito por":"abtelecom","Est. tempo de leitura":"3 minutos"},"schema":{"@context":"https:\/\/schema.org","@graph":[{"@type":"WebPage","@id":"https:\/\/abtelecom.org.br\/site\/anatel-mantem-conceito-de-area-critica-em-ato-sobre-limites-de-exposicao-a-espectro\/","url":"https:\/\/abtelecom.org.br\/site\/anatel-mantem-conceito-de-area-critica-em-ato-sobre-limites-de-exposicao-a-espectro\/","name":"Anatel mant\u00e9m conceito de \u00e1rea cr\u00edtica em ato sobre limites de exposi\u00e7\u00e3o a espectro - ABTelecom","isPartOf":{"@id":"https:\/\/abtelecom.org.br\/site\/#website"},"datePublished":"2024-01-15T20:03:57+00:00","dateModified":"2024-04-28T20:44:39+00:00","author":{"@id":"https:\/\/abtelecom.org.br\/site\/#\/schema\/person\/b996fe85504afac90b0fe3a9fe27853e"},"breadcrumb":{"@id":"https:\/\/abtelecom.org.br\/site\/anatel-mantem-conceito-de-area-critica-em-ato-sobre-limites-de-exposicao-a-espectro\/#breadcrumb"},"inLanguage":"pt-BR","potentialAction":[{"@type":"ReadAction","target":["https:\/\/abtelecom.org.br\/site\/anatel-mantem-conceito-de-area-critica-em-ato-sobre-limites-de-exposicao-a-espectro\/"]}]},{"@type":"BreadcrumbList","@id":"https:\/\/abtelecom.org.br\/site\/anatel-mantem-conceito-de-area-critica-em-ato-sobre-limites-de-exposicao-a-espectro\/#breadcrumb","itemListElement":[{"@type":"ListItem","position":1,"name":"In\u00edcio","item":"https:\/\/abtelecom.org.br\/site\/"},{"@type":"ListItem","position":2,"name":"Anatel mant\u00e9m conceito de \u00e1rea cr\u00edtica em ato sobre limites de exposi\u00e7\u00e3o a espectro"}]},{"@type":"WebSite","@id":"https:\/\/abtelecom.org.br\/site\/#website","url":"https:\/\/abtelecom.org.br\/site\/","name":"ABTelecom","description":"Associa\u00e7\u00e3o Brasileira de Telecomunica\u00e7\u00f5es","potentialAction":[{"@type":"SearchAction","target":{"@type":"EntryPoint","urlTemplate":"https:\/\/abtelecom.org.br\/site\/?s={search_term_string}"},"query-input":"required name=search_term_string"}],"inLanguage":"pt-BR"},{"@type":"Person","@id":"https:\/\/abtelecom.org.br\/site\/#\/schema\/person\/b996fe85504afac90b0fe3a9fe27853e","name":"abtelecom","image":{"@type":"ImageObject","inLanguage":"pt-BR","@id":"https:\/\/abtelecom.org.br\/site\/#\/schema\/person\/image\/","url":"https:\/\/secure.gravatar.com\/avatar\/9e6049fbfcd4158f6e2001caac52725a?s=96&d=mm&r=g","contentUrl":"https:\/\/secure.gravatar.com\/avatar\/9e6049fbfcd4158f6e2001caac52725a?s=96&d=mm&r=g","caption":"abtelecom"},"url":"https:\/\/abtelecom.org.br\/site\/author\/abtelecom\/"}]}},"_links":{"self":[{"href":"https:\/\/abtelecom.org.br\/site\/wp-json\/wp\/v2\/posts\/2440"}],"collection":[{"href":"https:\/\/abtelecom.org.br\/site\/wp-json\/wp\/v2\/posts"}],"about":[{"href":"https:\/\/abtelecom.org.br\/site\/wp-json\/wp\/v2\/types\/post"}],"author":[{"embeddable":true,"href":"https:\/\/abtelecom.org.br\/site\/wp-json\/wp\/v2\/users\/17"}],"replies":[{"embeddable":true,"href":"https:\/\/abtelecom.org.br\/site\/wp-json\/wp\/v2\/comments?post=2440"}],"version-history":[{"count":3,"href":"https:\/\/abtelecom.org.br\/site\/wp-json\/wp\/v2\/posts\/2440\/revisions"}],"predecessor-version":[{"id":2444,"href":"https:\/\/abtelecom.org.br\/site\/wp-json\/wp\/v2\/posts\/2440\/revisions\/2444"}],"wp:attachment":[{"href":"https:\/\/abtelecom.org.br\/site\/wp-json\/wp\/v2\/media?parent=2440"}],"wp:term":[{"taxonomy":"category","embeddable":true,"href":"https:\/\/abtelecom.org.br\/site\/wp-json\/wp\/v2\/categories?post=2440"},{"taxonomy":"post_tag","embeddable":true,"href":"https:\/\/abtelecom.org.br\/site\/wp-json\/wp\/v2\/tags?post=2440"}],"curies":[{"name":"wp","href":"https:\/\/api.w.org\/{rel}","templated":true}]}}