{"id":2689,"date":"2025-01-07T23:48:25","date_gmt":"2025-01-08T02:48:25","guid":{"rendered":"https:\/\/abtelecom.org.br\/site\/?p=2689"},"modified":"2025-01-07T23:48:25","modified_gmt":"2025-01-08T02:48:25","slug":"adeus-a-miriam-aquino-a-jornalista-que-conectou-o-brasil-as-telecomunicacoes","status":"publish","type":"post","link":"https:\/\/abtelecom.org.br\/site\/adeus-a-miriam-aquino-a-jornalista-que-conectou-o-brasil-as-telecomunicacoes\/","title":{"rendered":"Adeus a Miriam Aquino, a jornalista que conectou o Brasil \u00e0s telecomunica\u00e7\u00f5es"},"content":{"rendered":"<p>\u00c9 com profunda tristeza que a ABTELECOM (Associa\u00e7\u00e3o Brasileira de Telecomunica\u00e7\u00f5es) recebe a not\u00edcia do falecimento de Miriam Aquino, fundadora do Tele.S\u00edntese e uma das grandes pioneiras na cobertura do setor de telecomunica\u00e7\u00f5es no Brasil. Miriam n\u00e3o foi apenas uma jornalista; ela foi uma voz indispens\u00e1vel para o setor, capaz de traduzir desafios complexos em narrativas acess\u00edveis e impactantes, sempre com um olhar apurado e comprometido com a verdade.<\/p>\n<p>A <em>Tele.S\u00edntese<\/em> era um espa\u00e7o que Miriam, com sua vis\u00e3o inovadora, transformou em refer\u00eancia para debates t\u00e9cnicos e qualificados. Sempre generosa em abrir espa\u00e7o para diferentes perspectivas, ela destacou o papel essencial dos engenheiros no desenvolvimento do pa\u00eds, conectando suas contribui\u00e7\u00f5es \u00e0s grandes discuss\u00f5es do setor. Reportagens como &#8220;Moreira Lima: Aumentam as v\u00edtimas fatais em telecom&#8221; (15\/12\/2023), &#8220;Para reduzir acidentes, CREA-MA quer responsabilidade t\u00e9cnica dos ISPs&#8221; (07\/10\/2022) , \u00a0&#8220;O papel das ag\u00eancias reguladoras e do sistema Confea\/Crea&#8221; (03\/10\/2024) e \u201c<a href=\"https:\/\/telesintese.com.br\/federacao-dos-engenheiros-alerta-anatel-sobre-necessidade-de-aterramento-de-postes-de-iluminacao\/\">Federa\u00e7\u00e3o dos Engenheiros alerta Anatel sobre necessidade de aterramento de postes de ilumina\u00e7\u00e3o<\/a>\u201d (24\/02\/2023) s\u00e3o testemunhos de seu compromisso em esclarecer a sociedade e defender a prote\u00e7\u00e3o e o bem-estar coletivo.<\/p>\n<p>O impacto de Miriam vai muito al\u00e9m <em>do Tele.S\u00edntese<\/em>. Diversos ve\u00edculos de comunica\u00e7\u00e3o, como o <strong>Correio Braziliense<\/strong>, <strong>Metr\u00f3poles<\/strong>, <strong>TELETIME NEWS<\/strong> e o pr\u00f3prio site da <strong>ANATEL<\/strong>, repercutiram seu falecimento, reconhecendo-a como uma das principais vozes do jornalismo especializado. Em suas redes sociais, o Ministro das Comunica\u00e7\u00f5es, Jucelino Filho, lamentou profundamente sua partida, destacando o legado que ela deixa para as telecomunica\u00e7\u00f5es, para a regula\u00e7\u00e3o e para a constru\u00e7\u00e3o de pol\u00edticas p\u00fablicas que integram tecnologia ao cotidiano dos cidad\u00e3os.<\/p>\n<p>&nbsp;<\/p>\n<p><div id=\"attachment_2690\" style=\"width: 575px\" class=\"wp-caption alignnone\"><img loading=\"lazy\" decoding=\"async\" aria-describedby=\"caption-attachment-2690\" class=\"wp-image-2690 size-full\" src=\"https:\/\/abtelecom.org.br\/site\/wp-content\/uploads\/2025\/01\/foto.jpeg\" alt=\"\" width=\"565\" height=\"207\" srcset=\"https:\/\/abtelecom.org.br\/site\/wp-content\/uploads\/2025\/01\/foto.jpeg 565w, https:\/\/abtelecom.org.br\/site\/wp-content\/uploads\/2025\/01\/foto-300x110.jpeg 300w, https:\/\/abtelecom.org.br\/site\/wp-content\/uploads\/2025\/01\/foto-450x165.jpeg 450w\" sizes=\"(max-width: 565px) 100vw, 565px\" \/><p id=\"caption-attachment-2690\" class=\"wp-caption-text\">Figura 1- Pesar do Ministro das Comunica\u00e7\u00f5es Jucelino Filho pelo falecimento da jornalista Miriam Aquino [1]<\/p><\/div>Para aqueles que tiveram o privil\u00e9gio de conhecer e trabalhar com Miriam, sua partida deixa um vazio imenso, mas tamb\u00e9m uma responsabilidade: honrar sua mem\u00f3ria dando continuidade ao trabalho que ela come\u00e7ou. Seu olhar perspicaz, sua coragem em abordar temas delicados e seu respeito pela informa\u00e7\u00e3o t\u00e9cnica e imparcial s\u00e3o legados que nos inspiram a buscar excel\u00eancia em nossas a\u00e7\u00f5es.<\/p>\n<p>Miriam Aquino n\u00e3o foi apenas uma pioneira, mas uma mentora para toda uma gera\u00e7\u00e3o de jornalistas, engenheiros e profissionais das telecomunica\u00e7\u00f5es. Seu trabalho no <strong>Tele.S\u00edntese<\/strong> documentou com maestria os avan\u00e7os do setor, influenciou decis\u00f5es estrat\u00e9gicas e promoveu discuss\u00f5es que colocaram o Brasil em destaque no cen\u00e1rio global.<\/p>\n<p>Seu legado transcende o tempo, e sua dedica\u00e7\u00e3o incans\u00e1vel ser\u00e1 lembrada como um farol para todos que acreditam no poder transformador do jornalismo t\u00e9cnico e comprometido. Que sua trajet\u00f3ria inspire n\u00e3o apenas aqueles que atuam em telecomunica\u00e7\u00f5es e engenharia, mas todos que enxergam a comunica\u00e7\u00e3o como instrumento de desenvolvimento e justi\u00e7a social.<\/p>\n<p>Miriam transformou vidas com seu trabalho. Que sua dedica\u00e7\u00e3o, vis\u00e3o e coragem permane\u00e7am como exemplo e inspira\u00e7\u00e3o para as futuras gera\u00e7\u00f5es.<\/p>\n<p>&nbsp;<\/p>\n<p><strong>Eng. Eletric. Rogerio Moreira Lima<\/strong><\/p>\n<p><strong>Diretor de Inova\u00e7\u00e3o da ABTELECOM (Associa\u00e7\u00e3o Brasileira de Telecomunica\u00e7\u00f5es)<br \/>\nMembro efetivo da Academia Maranhense de Ci\u00eancias, titular da cadeira n\u00ba 54\u00a0\u00a0<\/strong><\/p>\n<p><strong>Conselheiro Regional do CREA-MA<\/strong><\/p>\n<p><strong>1\u00ba Secret\u00e1rio da ABEE-MA<br \/>\nProfessor da UEMA (Universidade Estadual do Maranh\u00e3o)<\/strong><\/p>\n<p>&nbsp;<\/p>\n<p>Fontes:<\/p>\n<p>[1] <a href=\"https:\/\/x.com\/DepJuscelino\/status\/1876648451116773665\">https:\/\/x.com\/DepJuscelino\/status\/1876648451116773665<\/a><\/p>\n<p>&nbsp;<\/p>\n<p>[2] Moreira Lima: Aumentam as v\u00edtimas fatais em telecom, dispon\u00edvel em <a href=\"https:\/\/telesintese.com.br\/moreira-lima-aumentam-as-vitimas-fatais-em-telecom\/\">https:\/\/telesintese.com.br\/moreira-lima-aumentam-as-vitimas-fatais-em-telecom\/<\/a><\/p>\n<p>[3] Para reduzir acidentes, CREA-MA quer responsabilidade t\u00e9cnica dos ISPs, dispon\u00edvel em <a href=\"https:\/\/telesintese.com.br\/para-reduzir-acidentes-crea-ma-quer-responsabilidade-tecnica-dos-isps\/\">https:\/\/telesintese.com.br\/para-reduzir-acidentes-crea-ma-quer-responsabilidade-tecnica-dos-isps\/<\/a><\/p>\n<p>[4] O papel das ag\u00eancias reguladoras e do sistema Confea\/Crea, dispon\u00edvel em <a href=\"https:\/\/www.telesintese.com.br\/o-papel-das-agencias-reguladoras-e-do-sistema-confea-crea\/\">https:\/\/www.telesintese.com.br\/o-papel-das-agencias-reguladoras-e-do-sistema-confea-crea\/<\/a><\/p>\n<p>[5] Federa\u00e7\u00e3o dos Engenheiros alerta Anatel sobre necessidade de aterramento de postes de ilumina\u00e7\u00e3o, dispon\u00edvel em <a href=\"https:\/\/telesintese.com.br\/federacao-dos-engenheiros-alerta-anatel-sobre-necessidade-de-aterramento-de-postes-de-iluminacao\/\">https:\/\/telesintese.com.br\/federacao-dos-engenheiros-alerta-anatel-sobre-necessidade-de-aterramento-de-postes-de-iluminacao\/<\/a><\/p>\n<p>[6] Falecimento da jornalista Miriam Aquino, dispon\u00edvel em <a href=\"https:\/\/www.gov.br\/anatel\/pt-br\/assuntos\/noticias\/falecimento-da-jornalista-miriam-aquino-1\">https:\/\/www.gov.br\/anatel\/pt-br\/assuntos\/noticias\/falecimento-da-jornalista-miriam-aquino-1<\/a><\/p>\n<p>[7] Morre Miriam Aquino, jornalista e empres\u00e1ria de telecomunica\u00e7\u00f5es, dispon\u00edvel em <a href=\"https:\/\/www.correiobraziliense.com.br\/cidades-df\/2025\/01\/7028512-morre-miriam-aquino-jornalista-e-empresaria-de-telecomunicacoes.html\">https:\/\/www.correiobraziliense.com.br\/cidades-df\/2025\/01\/7028512-morre-miriam-aquino-jornalista-e-empresaria-de-telecomunicacoes.html<\/a><\/p>\n<p>[8] Miriam Aquino, empres\u00e1ria e jornalista brasiliense, morre aos 64 anos, dispon\u00edvel em <a href=\"https:\/\/www.metropoles.com\/distrito-federal\/miriam-aquino-empresaria-e-jornalista-brasiliense-morre-aos-64-anos\">https:\/\/www.metropoles.com\/distrito-federal\/miriam-aquino-empresaria-e-jornalista-brasiliense-morre-aos-64-anos<\/a><\/p>\n<p>[9] Morre Miriam Aquino, pioneira no jornalismo de telecomunica\u00e7\u00f5es, dispon\u00edvel em <a href=\"https:\/\/teletime.com.br\/07\/01\/2025\/morre-miriam-aquino-pioneira-no-jornalismo-de-telecomunicacoes\/\">https:\/\/teletime.com.br\/07\/01\/2025\/morre-miriam-aquino-pioneira-no-jornalismo-de-telecomunicacoes\/<\/a><\/p>\n","protected":false},"excerpt":{"rendered":"<p>\u00c9 com profunda tristeza que a ABTELECOM (Associa\u00e7\u00e3o Brasileira de Telecomunica\u00e7\u00f5es) recebe a not\u00edcia do falecimento de Miriam Aquino, fundadora do Tele.S\u00edntese e uma das grandes pioneiras na cobertura do setor de telecomunica\u00e7\u00f5es no Brasil. Miriam n\u00e3o foi apenas uma jornalista; ela foi uma voz indispens\u00e1vel para o setor, capaz de traduzir desafios complexos em [&hellip;]<\/p>\n","protected":false},"author":17,"featured_media":0,"comment_status":"open","ping_status":"open","sticky":false,"template":"","format":"standard","meta":{"_exactmetrics_skip_tracking":false,"_exactmetrics_sitenote_active":false,"_exactmetrics_sitenote_note":"","_exactmetrics_sitenote_category":0,"footnotes":""},"categories":[14,15],"tags":[],"yoast_head":"<!-- This site is optimized with the Yoast SEO plugin v21.7 - https:\/\/yoast.com\/wordpress\/plugins\/seo\/ -->\n<title>Adeus a Miriam Aquino, a jornalista que conectou o Brasil \u00e0s telecomunica\u00e7\u00f5es - ABTelecom<\/title>\n<meta name=\"robots\" content=\"index, follow, max-snippet:-1, max-image-preview:large, max-video-preview:-1\" \/>\n<link rel=\"canonical\" href=\"https:\/\/abtelecom.org.br\/site\/adeus-a-miriam-aquino-a-jornalista-que-conectou-o-brasil-as-telecomunicacoes\/\" \/>\n<meta property=\"og:locale\" content=\"pt_BR\" \/>\n<meta property=\"og:type\" content=\"article\" \/>\n<meta property=\"og:title\" content=\"Adeus a Miriam Aquino, a jornalista que conectou o Brasil \u00e0s telecomunica\u00e7\u00f5es - ABTelecom\" \/>\n<meta property=\"og:description\" content=\"\u00c9 com profunda tristeza que a ABTELECOM (Associa\u00e7\u00e3o Brasileira de Telecomunica\u00e7\u00f5es) recebe a not\u00edcia do falecimento de Miriam Aquino, fundadora do Tele.S\u00edntese e uma das grandes pioneiras na cobertura do setor de telecomunica\u00e7\u00f5es no Brasil. Miriam n\u00e3o foi apenas uma jornalista; ela foi uma voz indispens\u00e1vel para o setor, capaz de traduzir desafios complexos em [&hellip;]\" \/>\n<meta property=\"og:url\" content=\"https:\/\/abtelecom.org.br\/site\/adeus-a-miriam-aquino-a-jornalista-que-conectou-o-brasil-as-telecomunicacoes\/\" \/>\n<meta property=\"og:site_name\" content=\"ABTelecom\" \/>\n<meta property=\"article:published_time\" content=\"2025-01-08T02:48:25+00:00\" \/>\n<meta property=\"og:image\" content=\"https:\/\/abtelecom.org.br\/site\/wp-content\/uploads\/2025\/01\/foto.jpeg\" \/>\n<meta name=\"author\" content=\"abtelecom\" \/>\n<meta name=\"twitter:card\" content=\"summary_large_image\" \/>\n<meta name=\"twitter:label1\" content=\"Escrito por\" \/>\n\t<meta name=\"twitter:data1\" content=\"abtelecom\" \/>\n\t<meta name=\"twitter:label2\" content=\"Est. tempo de leitura\" \/>\n\t<meta name=\"twitter:data2\" content=\"4 minutos\" \/>\n<script type=\"application\/ld+json\" class=\"yoast-schema-graph\">{\"@context\":\"https:\/\/schema.org\",\"@graph\":[{\"@type\":\"WebPage\",\"@id\":\"https:\/\/abtelecom.org.br\/site\/adeus-a-miriam-aquino-a-jornalista-que-conectou-o-brasil-as-telecomunicacoes\/\",\"url\":\"https:\/\/abtelecom.org.br\/site\/adeus-a-miriam-aquino-a-jornalista-que-conectou-o-brasil-as-telecomunicacoes\/\",\"name\":\"Adeus a Miriam Aquino, a jornalista que conectou o Brasil \u00e0s telecomunica\u00e7\u00f5es - ABTelecom\",\"isPartOf\":{\"@id\":\"https:\/\/abtelecom.org.br\/site\/#website\"},\"datePublished\":\"2025-01-08T02:48:25+00:00\",\"dateModified\":\"2025-01-08T02:48:25+00:00\",\"author\":{\"@id\":\"https:\/\/abtelecom.org.br\/site\/#\/schema\/person\/b996fe85504afac90b0fe3a9fe27853e\"},\"breadcrumb\":{\"@id\":\"https:\/\/abtelecom.org.br\/site\/adeus-a-miriam-aquino-a-jornalista-que-conectou-o-brasil-as-telecomunicacoes\/#breadcrumb\"},\"inLanguage\":\"pt-BR\",\"potentialAction\":[{\"@type\":\"ReadAction\",\"target\":[\"https:\/\/abtelecom.org.br\/site\/adeus-a-miriam-aquino-a-jornalista-que-conectou-o-brasil-as-telecomunicacoes\/\"]}]},{\"@type\":\"BreadcrumbList\",\"@id\":\"https:\/\/abtelecom.org.br\/site\/adeus-a-miriam-aquino-a-jornalista-que-conectou-o-brasil-as-telecomunicacoes\/#breadcrumb\",\"itemListElement\":[{\"@type\":\"ListItem\",\"position\":1,\"name\":\"In\u00edcio\",\"item\":\"https:\/\/abtelecom.org.br\/site\/\"},{\"@type\":\"ListItem\",\"position\":2,\"name\":\"Adeus a Miriam Aquino, a jornalista que conectou o Brasil \u00e0s telecomunica\u00e7\u00f5es\"}]},{\"@type\":\"WebSite\",\"@id\":\"https:\/\/abtelecom.org.br\/site\/#website\",\"url\":\"https:\/\/abtelecom.org.br\/site\/\",\"name\":\"ABTelecom\",\"description\":\"Associa\u00e7\u00e3o Brasileira de Telecomunica\u00e7\u00f5es\",\"potentialAction\":[{\"@type\":\"SearchAction\",\"target\":{\"@type\":\"EntryPoint\",\"urlTemplate\":\"https:\/\/abtelecom.org.br\/site\/?s={search_term_string}\"},\"query-input\":\"required name=search_term_string\"}],\"inLanguage\":\"pt-BR\"},{\"@type\":\"Person\",\"@id\":\"https:\/\/abtelecom.org.br\/site\/#\/schema\/person\/b996fe85504afac90b0fe3a9fe27853e\",\"name\":\"abtelecom\",\"image\":{\"@type\":\"ImageObject\",\"inLanguage\":\"pt-BR\",\"@id\":\"https:\/\/abtelecom.org.br\/site\/#\/schema\/person\/image\/\",\"url\":\"https:\/\/secure.gravatar.com\/avatar\/9e6049fbfcd4158f6e2001caac52725a?s=96&d=mm&r=g\",\"contentUrl\":\"https:\/\/secure.gravatar.com\/avatar\/9e6049fbfcd4158f6e2001caac52725a?s=96&d=mm&r=g\",\"caption\":\"abtelecom\"},\"url\":\"https:\/\/abtelecom.org.br\/site\/author\/abtelecom\/\"}]}<\/script>\n<!-- \/ Yoast SEO plugin. -->","yoast_head_json":{"title":"Adeus a Miriam Aquino, a jornalista que conectou o Brasil \u00e0s telecomunica\u00e7\u00f5es - ABTelecom","robots":{"index":"index","follow":"follow","max-snippet":"max-snippet:-1","max-image-preview":"max-image-preview:large","max-video-preview":"max-video-preview:-1"},"canonical":"https:\/\/abtelecom.org.br\/site\/adeus-a-miriam-aquino-a-jornalista-que-conectou-o-brasil-as-telecomunicacoes\/","og_locale":"pt_BR","og_type":"article","og_title":"Adeus a Miriam Aquino, a jornalista que conectou o Brasil \u00e0s telecomunica\u00e7\u00f5es - ABTelecom","og_description":"\u00c9 com profunda tristeza que a ABTELECOM (Associa\u00e7\u00e3o Brasileira de Telecomunica\u00e7\u00f5es) recebe a not\u00edcia do falecimento de Miriam Aquino, fundadora do Tele.S\u00edntese e uma das grandes pioneiras na cobertura do setor de telecomunica\u00e7\u00f5es no Brasil. Miriam n\u00e3o foi apenas uma jornalista; ela foi uma voz indispens\u00e1vel para o setor, capaz de traduzir desafios complexos em [&hellip;]","og_url":"https:\/\/abtelecom.org.br\/site\/adeus-a-miriam-aquino-a-jornalista-que-conectou-o-brasil-as-telecomunicacoes\/","og_site_name":"ABTelecom","article_published_time":"2025-01-08T02:48:25+00:00","og_image":[{"url":"https:\/\/abtelecom.org.br\/site\/wp-content\/uploads\/2025\/01\/foto.jpeg"}],"author":"abtelecom","twitter_card":"summary_large_image","twitter_misc":{"Escrito por":"abtelecom","Est. tempo de leitura":"4 minutos"},"schema":{"@context":"https:\/\/schema.org","@graph":[{"@type":"WebPage","@id":"https:\/\/abtelecom.org.br\/site\/adeus-a-miriam-aquino-a-jornalista-que-conectou-o-brasil-as-telecomunicacoes\/","url":"https:\/\/abtelecom.org.br\/site\/adeus-a-miriam-aquino-a-jornalista-que-conectou-o-brasil-as-telecomunicacoes\/","name":"Adeus a Miriam Aquino, a jornalista que conectou o Brasil \u00e0s telecomunica\u00e7\u00f5es - ABTelecom","isPartOf":{"@id":"https:\/\/abtelecom.org.br\/site\/#website"},"datePublished":"2025-01-08T02:48:25+00:00","dateModified":"2025-01-08T02:48:25+00:00","author":{"@id":"https:\/\/abtelecom.org.br\/site\/#\/schema\/person\/b996fe85504afac90b0fe3a9fe27853e"},"breadcrumb":{"@id":"https:\/\/abtelecom.org.br\/site\/adeus-a-miriam-aquino-a-jornalista-que-conectou-o-brasil-as-telecomunicacoes\/#breadcrumb"},"inLanguage":"pt-BR","potentialAction":[{"@type":"ReadAction","target":["https:\/\/abtelecom.org.br\/site\/adeus-a-miriam-aquino-a-jornalista-que-conectou-o-brasil-as-telecomunicacoes\/"]}]},{"@type":"BreadcrumbList","@id":"https:\/\/abtelecom.org.br\/site\/adeus-a-miriam-aquino-a-jornalista-que-conectou-o-brasil-as-telecomunicacoes\/#breadcrumb","itemListElement":[{"@type":"ListItem","position":1,"name":"In\u00edcio","item":"https:\/\/abtelecom.org.br\/site\/"},{"@type":"ListItem","position":2,"name":"Adeus a Miriam Aquino, a jornalista que conectou o Brasil \u00e0s telecomunica\u00e7\u00f5es"}]},{"@type":"WebSite","@id":"https:\/\/abtelecom.org.br\/site\/#website","url":"https:\/\/abtelecom.org.br\/site\/","name":"ABTelecom","description":"Associa\u00e7\u00e3o Brasileira de Telecomunica\u00e7\u00f5es","potentialAction":[{"@type":"SearchAction","target":{"@type":"EntryPoint","urlTemplate":"https:\/\/abtelecom.org.br\/site\/?s={search_term_string}"},"query-input":"required name=search_term_string"}],"inLanguage":"pt-BR"},{"@type":"Person","@id":"https:\/\/abtelecom.org.br\/site\/#\/schema\/person\/b996fe85504afac90b0fe3a9fe27853e","name":"abtelecom","image":{"@type":"ImageObject","inLanguage":"pt-BR","@id":"https:\/\/abtelecom.org.br\/site\/#\/schema\/person\/image\/","url":"https:\/\/secure.gravatar.com\/avatar\/9e6049fbfcd4158f6e2001caac52725a?s=96&d=mm&r=g","contentUrl":"https:\/\/secure.gravatar.com\/avatar\/9e6049fbfcd4158f6e2001caac52725a?s=96&d=mm&r=g","caption":"abtelecom"},"url":"https:\/\/abtelecom.org.br\/site\/author\/abtelecom\/"}]}},"_links":{"self":[{"href":"https:\/\/abtelecom.org.br\/site\/wp-json\/wp\/v2\/posts\/2689"}],"collection":[{"href":"https:\/\/abtelecom.org.br\/site\/wp-json\/wp\/v2\/posts"}],"about":[{"href":"https:\/\/abtelecom.org.br\/site\/wp-json\/wp\/v2\/types\/post"}],"author":[{"embeddable":true,"href":"https:\/\/abtelecom.org.br\/site\/wp-json\/wp\/v2\/users\/17"}],"replies":[{"embeddable":true,"href":"https:\/\/abtelecom.org.br\/site\/wp-json\/wp\/v2\/comments?post=2689"}],"version-history":[{"count":1,"href":"https:\/\/abtelecom.org.br\/site\/wp-json\/wp\/v2\/posts\/2689\/revisions"}],"predecessor-version":[{"id":2691,"href":"https:\/\/abtelecom.org.br\/site\/wp-json\/wp\/v2\/posts\/2689\/revisions\/2691"}],"wp:attachment":[{"href":"https:\/\/abtelecom.org.br\/site\/wp-json\/wp\/v2\/media?parent=2689"}],"wp:term":[{"taxonomy":"category","embeddable":true,"href":"https:\/\/abtelecom.org.br\/site\/wp-json\/wp\/v2\/categories?post=2689"},{"taxonomy":"post_tag","embeddable":true,"href":"https:\/\/abtelecom.org.br\/site\/wp-json\/wp\/v2\/tags?post=2689"}],"curies":[{"name":"wp","href":"https:\/\/api.w.org\/{rel}","templated":true}]}}